{"id":9787,"date":"2025-04-02T14:05:04","date_gmt":"2025-04-02T14:05:04","guid":{"rendered":"https:\/\/nordvallsetikett.com\/?p=9787"},"modified":"2025-05-16T07:24:50","modified_gmt":"2025-05-16T07:24:50","slug":"nordvalls-baerekraftsdag2025","status":"publish","type":"post","link":"https:\/\/nordvallsetikett.com\/no\/nyheter-no\/nordvalls-baerekraftsdag2025\/","title":{"rendered":"Nordvalls B\u00e6rekraftsdag"},"content":{"rendered":"<div class=\"wpb-content-wrapper\"><p>[vc_row][vc_column width=&raquo;2\/3&#8243;][vc_column_text css=&raquo;&raquo;]<\/p>\n<h2>Arbeider din virksomhet for \u00e5 bli mer b\u00e6rekraftig?<\/h2>\n<p>I v\u00e5r venter en unik mulighet for deg som vil fordype deg i mer milj\u00f8vennlige etiketter og emballasje \u2013 Nordvalls B\u00e6rekraftsdag!<\/p>\n<p><strong>Hva kan du forvente deg?<\/strong><\/p>\n<ul>\n<li data-start=\"214\" data-end=\"644\"><strong>Inspirerende foredrag<\/strong>: Ta del i ekspertkunnskap innen b\u00e6rekraftig emballasje og etiketter. Nordvalls, Nofima, Emballasjeforening og Fatland Gruppen inntar scenen.<\/li>\n<li data-start=\"214\" data-end=\"644\"><strong>Workshop<\/strong>: L\u00e6r mer om hvordan du kan redusere ditt milj\u00f8avtrykk ved \u00e5 velge b\u00e6rekraftige alternativer. Kreativiteten f\u00e5r flyte fritt!<\/li>\n<li data-start=\"214\" data-end=\"644\"><strong>F\u00f8l og test<\/strong>: Oppdag spennende nye materialer og innovasjoner i bransjen.<\/li>\n<li data-start=\"214\" data-end=\"644\"><strong>Nettverk<\/strong>: M\u00f8t andre engasjerte personer og skap nye kontakter.<\/li>\n<\/ul>\n<p class=\"\" data-start=\"646\" data-end=\"746\">Vi ser frem til \u00e5 \u00f8nske deg velkommen til en dag full av spennende innsikter og givende diskusjoner!<\/p>\n<p>[\/vc_column_text]<div class=\"ult-spacer spacer-69ee7bebd25b2\" data-id=\"69ee7bebd25b2\" data-height=\"50\" data-height-mobile=\"50\" data-height-tab=\"50\" data-height-tab-portrait=\"\" data-height-mobile-landscape=\"\" style=\"clear:both;display:block;\"><\/div>[vc_column_text css=&raquo;&raquo;]<\/p>\n<p class=\"\" data-start=\"0\" data-end=\"26\"><strong>Dato<\/strong>: 22 mai 2025<\/p>\n<p class=\"\" data-start=\"28\" data-end=\"50\"><strong>Tid<\/strong>: kl. 08.45\u201315.00<\/p>\n<p class=\"\" data-start=\"52\" data-end=\"96\"><strong>Adresse<\/strong>: <a href=\"https:\/\/www.strawberry.no\/hotell\/norge\/oslo\/clarion-hotel-oslo\/?utm_campaign=gmb-listing&amp;utm_medium=organic&amp;utm_source=google\" target=\"_blank\" rel=\"noopener\">Clarion Hotel Oslo<\/a>, Dronning Eufemias Gate 15, Oslo<\/p>\n<p class=\"\" data-start=\"98\" data-end=\"137\"><strong>Siste p\u00e5meldingsdag<\/strong>: 20 mai 2025<\/p>\n<p>[\/vc_column_text]<div class=\"ult-spacer spacer-69ee7bebd2602\" data-id=\"69ee7bebd2602\" data-height=\"50\" data-height-mobile=\"50\" data-height-tab=\"50\" data-height-tab-portrait=\"\" data-height-mobile-landscape=\"\" style=\"clear:both;display:block;\"><\/div>[\/vc_column][vc_column width=&raquo;1\/3&#8243;][vc_cta h2=&raquo;Meld deg p\u00e5 i dag!&raquo; h4=&raquo;Meld deg p\u00e5 senest 20 mai \u2013 begrenset antall plasser&raquo; color=&raquo;green&raquo; add_button=&raquo;bottom&raquo; btn_title=&raquo;Meld deg p\u00e5 her!&raquo; btn_color=&raquo;green&raquo; css=&raquo;.vc_custom_1747380222879{background-color: #9BBA7796 !important;}&raquo; btn_link=&raquo;url:https%3A%2F%2Fshare.hsforms.com%2F2W0zLnNwBRny8XaAtnRgFFw4zwvo&raquo;]Ta gjerne med en kollega.[\/vc_cta][\/vc_column][\/vc_row][vc_row][vc_column][vc_separator color=&raquo;green&raquo; border_width=&raquo;2&#8243; css=&raquo;&raquo;]<div class=\"ult-spacer spacer-69ee7bebd2639\" data-id=\"69ee7bebd2639\" data-height=\"20\" data-height-mobile=\"20\" data-height-tab=\"20\" data-height-tab-portrait=\"\" data-height-mobile-landscape=\"\" style=\"clear:both;display:block;\"><\/div>[\/vc_column][\/vc_row][vc_row][vc_column width=&raquo;1\/2&#8243;][vc_column_text css=&raquo;&raquo;]<\/p>\n<h2>Emballasjeforening<\/h2>\n<p style=\"font-weight: 400;\">Emballasjeforeningen er en interesseorganisasjon for virksomheter innen hele emballasjens livssyklus. Gjennom kompetanseutvikling og veiledning, informasjon og myndighetsp\u00e5virkning er de en katalysator for bedre emballasjel\u00f8sninger, b\u00e5de for medlemmene, konsumentene og samfunnet. Deres medlemmer er langs hele verdikjeden, inkludert r\u00e5vareleverand\u00f8rer, produsenter og sluttbrukere av emballasje. Misjonen er \u00e5 v\u00e6re en samlende p\u00e5driver for bedre emballasjel\u00f8sninger, med en visjon om \u00e5 ta vare p\u00e5 fremtiden.<\/p>\n<p>[\/vc_column_text]<div class=\"ult-spacer spacer-69ee7bebd267a\" data-id=\"69ee7bebd267a\" data-height=\"70\" data-height-mobile=\"70\" data-height-tab=\"70\" data-height-tab-portrait=\"\" data-height-mobile-landscape=\"\" style=\"clear:both;display:block;\"><\/div><style type=\"text\/css\" data-type=\"the7_shortcodes-inline-css\">.shortcode-single-image-wrap.shortcode-single-image-00e9d8d264d6519c64cb09f66bc3a09a.enable-bg-rollover .rollover i,\n.shortcode-single-image-wrap.shortcode-single-image-00e9d8d264d6519c64cb09f66bc3a09a.enable-bg-rollover .rollover-video i {\n  background: -webkit-linear-gradient();\n  background: linear-gradient();\n}\n.shortcode-single-image-wrap.shortcode-single-image-00e9d8d264d6519c64cb09f66bc3a09a .rollover-icon {\n  font-size: 32px;\n  color: #ffffff;\n  min-width: 44px;\n  min-height: 44px;\n  line-height: 44px;\n  border-radius: 100px;\n  border-style: solid;\n  border-width: 0px;\n}\n.dt-icon-bg-on.shortcode-single-image-wrap.shortcode-single-image-00e9d8d264d6519c64cb09f66bc3a09a .rollover-icon {\n  background: rgba(255,255,255,0.3);\n  box-shadow: none;\n}<\/style><div class=\"shortcode-single-image-wrap shortcode-single-image-00e9d8d264d6519c64cb09f66bc3a09a alignnone caption-on  enable-bg-rollover dt-icon-bg-off\" style=\"margin-top:0px; margin-bottom:0px; margin-left:0px; margin-right:0px; width:500px;\"><div class=\"shortcode-single-image\"><div class=\"fancy-media-wrap  layzr-bg\" style=\"border-radius:40px;\"><img fetchpriority=\"high\" decoding=\"async\" class=\"preload-me lazy-load aspect\" src=\"data:image\/svg+xml,%3Csvg%20xmlns%3D&#39;http%3A%2F%2Fwww.w3.org%2F2000%2Fsvg&#39;%20viewBox%3D&#39;0%200%20499%20399&#39;%2F%3E\" data-src=\"https:\/\/nordvallsetikett.com\/wp-content\/uploads\/2025\/04\/image001-499x399.jpg\" data-srcset=\"https:\/\/nordvallsetikett.com\/wp-content\/uploads\/2025\/04\/image001-499x399.jpg 499w\" loading=\"eager\" sizes=\"(max-width: 499px) 100vw, 499px\" width=\"499\" height=\"399\"  data-dt-location=\"https:\/\/nordvallsetikett.com\/no\/nyheter-no\/nordvalls-baerekraftsdag2025\/attachment\/marit-kvalvag-pettersen\/\" style=\"--ratio: 499 \/ 399;border-radius:40px;\" alt=\"\" \/><\/div><\/div><div class=\"shortcode-single-caption\">Marit Kvalva\u030ag Pettersen, Nofima<\/div><\/div>[\/vc_column][vc_column width=&raquo;1\/2&#8243;]<style type=\"text\/css\" data-type=\"the7_shortcodes-inline-css\">.shortcode-single-image-wrap.shortcode-single-image-0c603269a84d4e48d85ad7888237a95e.enable-bg-rollover .rollover i,\n.shortcode-single-image-wrap.shortcode-single-image-0c603269a84d4e48d85ad7888237a95e.enable-bg-rollover .rollover-video i {\n  background: -webkit-linear-gradient();\n  background: linear-gradient();\n}\n.shortcode-single-image-wrap.shortcode-single-image-0c603269a84d4e48d85ad7888237a95e .rollover-icon {\n  font-size: 32px;\n  color: #ffffff;\n  min-width: 44px;\n  min-height: 44px;\n  line-height: 44px;\n  border-radius: 100px;\n  border-style: solid;\n  border-width: 0px;\n}\n.dt-icon-bg-on.shortcode-single-image-wrap.shortcode-single-image-0c603269a84d4e48d85ad7888237a95e .rollover-icon {\n  background: rgba(255,255,255,0.3);\n  box-shadow: none;\n}<\/style><div class=\"shortcode-single-image-wrap shortcode-single-image-0c603269a84d4e48d85ad7888237a95e alignnone caption-on  enable-bg-rollover dt-icon-bg-off\" style=\"margin-top:0px; margin-bottom:0px; margin-left:0px; margin-right:0px; width:500px;\"><div class=\"shortcode-single-image\"><div class=\"fancy-media-wrap  layzr-bg\" style=\"border-radius:40px;\"><img decoding=\"async\" class=\"preload-me lazy-load aspect\" src=\"data:image\/svg+xml,%3Csvg%20xmlns%3D&#39;http%3A%2F%2Fwww.w3.org%2F2000%2Fsvg&#39;%20viewBox%3D&#39;0%200%20500%20400&#39;%2F%3E\" data-src=\"https:\/\/nordvallsetikett.com\/wp-content\/uploads\/2025\/04\/Namnlos-design.png\" data-srcset=\"https:\/\/nordvallsetikett.com\/wp-content\/uploads\/2025\/04\/Namnlos-design.png 500w\" loading=\"eager\" sizes=\"(max-width: 500px) 100vw, 500px\" width=\"500\" height=\"400\"  data-dt-location=\"https:\/\/nordvallsetikett.com\/no\/nyheter-no\/nordvalls-baerekraftsdag2025\/attachment\/namnlos-design\/\" style=\"--ratio: 500 \/ 400;border-radius:40px;\" alt=\"\" \/><\/div><\/div><div class=\"shortcode-single-caption\">Yngve Krokann, Kompetansleder og Kari Bunes, Administrerende direkt\u00f8r, Emballasjeforeningen<\/div><\/div><div class=\"ult-spacer spacer-69ee7bebd41ba\" data-id=\"69ee7bebd41ba\" data-height=\"30\" data-height-mobile=\"30\" data-height-tab=\"30\" data-height-tab-portrait=\"\" data-height-mobile-landscape=\"\" style=\"clear:both;display:block;\"><\/div>[vc_column_text css=&raquo;&raquo;]<\/p>\n<h2 style=\"font-weight: 400;\">Nofima<\/h2>\n<p style=\"font-weight: 400;\">Nofima er et ledende matforskningsinstitutt som utvikler kunnskap for mer b\u00e6rekraftig matproduksjon. Seniorforsker Marit Kvalv\u00e5g Pettersen har doktorgrad i emballering og lang erfaring med anvendt forskning. Hun leder Gr\u00f8nn-Plattform-prosjektet Re3-Plast og underviser ogs\u00e5 ved NMBU. Marit forsker p\u00e5 emballasjens funksjon, som barriereegenskaper og innvirkning p\u00e5 matens kvalitet og holdbarhet, med \u00f8kt fokus p\u00e5 sirkul\u00e6re l\u00f8sninger. Hun samarbeider tett med industri og akademia i flere forskningsprosjekter.<\/p>\n<p>[\/vc_column_text][\/vc_column][\/vc_row][vc_row][vc_column][vc_separator color=&raquo;green&raquo; border_width=&raquo;2&#8243; css=&raquo;&raquo;]<div class=\"ult-spacer spacer-69ee7bebd420e\" data-id=\"69ee7bebd420e\" data-height=\"20\" data-height-mobile=\"20\" data-height-tab=\"20\" data-height-tab-portrait=\"\" data-height-mobile-landscape=\"\" style=\"clear:both;display:block;\"><\/div><div class=\"ult-spacer spacer-69ee7bebd423f\" data-id=\"69ee7bebd423f\" data-height=\"30\" data-height-mobile=\"30\" data-height-tab=\"30\" data-height-tab-portrait=\"\" data-height-mobile-landscape=\"\" style=\"clear:both;display:block;\"><\/div>[vc_column_text css=&raquo;&raquo;]<\/p>\n<h2>Agenda<\/h2>\n<p><strong>08:45 &#8211; 09:00<\/strong> Velkomst og mingling<\/p>\n<p><strong>09.00 &#8211; 09.30<\/strong> Velkommen \u2013 Kort om Nordvalls og v\u00e5rt b\u00e6rekraftfokus<\/p>\n<p style=\"font-weight: 400;\"><strong>09.30 &#8211; 10.00 <\/strong>\u00abCo2 beregninger og direktiver\u00bb<\/p>\n<p style=\"font-weight: 400;\"><strong>10.00 &#8211; 10.15 <\/strong>Kaffe og sm\u00e5prat<\/p>\n<p style=\"font-weight: 400;\"><strong>10.15 &#8211; 11.00<\/strong> Milj\u00f8vennlige etikettmaterialer<\/p>\n<p style=\"font-weight: 400;\"><strong>11.00 &#8211; 11:30<\/strong> Nofima &#8211; En ny hverdag med mindre plast og hvordan det p\u00e5virker matemballasje<\/p>\n<p style=\"font-weight: 400;\"><strong>11:30 &#8211; 12:30<\/strong> Lunsj<\/p>\n<p style=\"font-weight: 400;\"><strong>12.30 &#8211; 13.15<\/strong> Workshop<\/p>\n<p style=\"font-weight: 400;\"><strong>13.15 &#8211; 13.30<\/strong> Kaffe og sm\u00e5prat<\/p>\n<p style=\"font-weight: 400;\"><strong>13.30 &#8211; 14:00<\/strong> Den Norske Emballasjeforening &amp; Fatland Gruppen \u2013 Nye krav, forordninger og kampen om butikkhylla med fokus p\u00e5 b\u00e6rekraftig emballasje.<\/p>\n<p style=\"font-weight: 400;\"><strong>14.30 \u2013 15.00<\/strong> Avslutning og sp\u00f8rsm\u00e5l<\/p>\n<p>[\/vc_column_text][\/vc_column][\/vc_row][vc_row][vc_column]<div class=\"ult-spacer spacer-69ee7bebd4269\" data-id=\"69ee7bebd4269\" data-height=\"30\" data-height-mobile=\"30\" data-height-tab=\"30\" data-height-tab-portrait=\"\" data-height-mobile-landscape=\"\" style=\"clear:both;display:block;\"><\/div>[vc_separator color=&raquo;green&raquo; border_width=&raquo;2&#8243; css=&raquo;&raquo;]<div class=\"ult-spacer spacer-69ee7bebd4293\" data-id=\"69ee7bebd4293\" data-height=\"30\" data-height-mobile=\"30\" data-height-tab=\"30\" data-height-tab-portrait=\"\" data-height-mobile-landscape=\"\" style=\"clear:both;display:block;\"><\/div>[\/vc_column][\/vc_row][vc_row][vc_column width=&raquo;2\/3&#8243;]<style type=\"text\/css\" data-type=\"the7_shortcodes-inline-css\">.shortcode-single-image-wrap.shortcode-single-image-47469e55254565adad4433dab5a55ac5.enable-bg-rollover .rollover i,\n.shortcode-single-image-wrap.shortcode-single-image-47469e55254565adad4433dab5a55ac5.enable-bg-rollover .rollover-video i {\n  background: -webkit-linear-gradient();\n  background: linear-gradient();\n}\n.shortcode-single-image-wrap.shortcode-single-image-47469e55254565adad4433dab5a55ac5 .rollover-icon {\n  font-size: 32px;\n  color: #ffffff;\n  min-width: 44px;\n  min-height: 44px;\n  line-height: 44px;\n  border-radius: 100px;\n  border-style: solid;\n  border-width: 0px;\n}\n.dt-icon-bg-on.shortcode-single-image-wrap.shortcode-single-image-47469e55254565adad4433dab5a55ac5 .rollover-icon {\n  background: rgba(255,255,255,0.3);\n  box-shadow: none;\n}<\/style><div class=\"shortcode-single-image-wrap shortcode-single-image-47469e55254565adad4433dab5a55ac5 alignnone  enable-bg-rollover dt-icon-bg-off\" style=\"margin-top:0px; margin-bottom:0px; margin-left:0px; margin-right:0px; width:500px;\"><div class=\"shortcode-single-image\"><div class=\"fancy-media-wrap  layzr-bg\" style=\"\"><img decoding=\"async\" class=\"preload-me lazy-load aspect\" src=\"data:image\/svg+xml,%3Csvg%20xmlns%3D&#39;http%3A%2F%2Fwww.w3.org%2F2000%2Fsvg&#39;%20viewBox%3D&#39;0%200%20500%20375&#39;%2F%3E\" data-src=\"https:\/\/nordvallsetikett.com\/wp-content\/uploads\/2024\/05\/IMG_4456-2-scaled-500x375.jpeg\" data-srcset=\"https:\/\/nordvallsetikett.com\/wp-content\/uploads\/2024\/05\/IMG_4456-2-scaled-500x375.jpeg 500w, https:\/\/nordvallsetikett.com\/wp-content\/uploads\/2024\/05\/IMG_4456-2-scaled-1000x750.jpeg 1000w\" loading=\"eager\" sizes=\"(max-width: 500px) 100vw, 500px\" width=\"500\" height=\"375\"  data-dt-location=\"https:\/\/nordvallsetikett.com\/no\/img_4456-2-2\/\" style=\"--ratio: 500 \/ 375;\" alt=\"\" \/><\/div><\/div><\/div>[\/vc_column][vc_column width=&raquo;1\/3&#8243;][vc_column_text css=&raquo;&raquo;]<\/p>\n<h2>Praktisk informasjon<\/h2>\n<p>Clarion Hotel Oslo ligger i hjertet av Oslo, n\u00e6r vannet i Vika-omr\u00e5det. Fra Oslo S tar det cirka 10 minutter \u00e5 g\u00e5 til hotellet langs Dronning Eufemias gate mot vannet. Vi oppfordrer til \u00e5 bruke kollektivtransport, og det er parkering og ladestasjoner for elbiler tilgjengelig i en offentlig garasje under hotellet.[\/vc_column_text][\/vc_column][\/vc_row][vc_row][vc_column]<div class=\"ult-spacer spacer-69ee7bebd4e18\" data-id=\"69ee7bebd4e18\" data-height=\"50\" data-height-mobile=\"50\" data-height-tab=\"50\" data-height-tab-portrait=\"\" data-height-mobile-landscape=\"\" style=\"clear:both;display:block;\"><\/div>[vc_separator color=&raquo;green&raquo; border_width=&raquo;2&#8243; css=&raquo;&raquo;]<div class=\"ult-spacer spacer-69ee7bebd4e4b\" data-id=\"69ee7bebd4e4b\" data-height=\"50\" data-height-mobile=\"50\" data-height-tab=\"50\" data-height-tab-portrait=\"\" data-height-mobile-landscape=\"\" style=\"clear:both;display:block;\"><\/div>[vc_gmaps link=&raquo;#E-8_JTNDaWZyYW1lJTIwc3JjJTNEJTIyaHR0cHMlM0ElMkYlMkZ3d3cuZ29vZ2xlLmNvbSUyRm1hcHMlMkZlbWJlZCUzRnBiJTNEJTIxMW0xOCUyMTFtMTIlMjExbTMlMjExZDExNDg1LjMxMzI1MTgzNjQzJTIxMmQxMC43NDg0MzE3MDA0MjY3ODUlMjEzZDU5LjkxNDM2MTYzNTU0NzczJTIxMm0zJTIxMWYwJTIxMmYwJTIxM2YwJTIxM20yJTIxMWkxMDI0JTIxMmk3NjglMjE0ZjEzLjElMjEzbTMlMjExbTIlMjExczB4NDY0MTZmYjVmYWIxMmFlNSUyNTNBMHhlNzE1ZGNhMWRmZTJlMDg4JTIxMnNDbGFyaW9uJTI1MjBIb3RlbCUyNTIwT3NsbyUyMTVlMCUyMTNtMiUyMTFzc3YlMjEyc3NlJTIxNHYxNzQzMDgwNTk2ODU3JTIxNW0yJTIxMXNzdiUyMTJzc2UlMjIlMjB3aWR0aCUzRCUyMjYwMCUyMiUyMGhlaWdodCUzRCUyMjQ1MCUyMiUyMHN0eWxlJTNEJTIyYm9yZGVyJTNBMCUzQiUyMiUyMGFsbG93ZnVsbHNjcmVlbiUzRCUyMiUyMiUyMGxvYWRpbmclM0QlMjJsYXp5JTIyJTIwcmVmZXJyZXJwb2xpY3klM0QlMjJuby1yZWZlcnJlci13aGVuLWRvd25ncmFkZSUyMiUzRSUzQyUyRmlmcmFtZSUzRQ==&raquo; css=&raquo;&raquo;][\/vc_column][\/vc_row][vc_row][vc_column]<div class=\"ult-spacer spacer-69ee7bebd4e75\" data-id=\"69ee7bebd4e75\" data-height=\"50\" data-height-mobile=\"50\" data-height-tab=\"50\" data-height-tab-portrait=\"\" data-height-mobile-landscape=\"\" style=\"clear:both;display:block;\"><\/div>[\/vc_column][\/vc_row][vc_row][vc_column][vc_column_text css=&raquo;&raquo;]<\/p>\n<h2 data-start=\"0\" data-end=\"14\">Vi sees der!<\/h2>\n<p class=\"\" data-start=\"16\" data-end=\"200\">Vi p\u00e5 Nordvalls ser frem til \u00e5 \u00f8nske dere velkommen til en spennende og l\u00e6rerik dag, der samarbeid og kunnskapsutveksling er n\u00f8kkelen til \u00e5 drive mot en mer b\u00e6rekraftig felles fremtid.<\/p>\n<p>[\/vc_column_text][\/vc_column][\/vc_row]<\/p>\n<\/div>","protected":false},"excerpt":{"rendered":"<p>[vc_row][vc_column width=&raquo;2\/3&#8243;][vc_column_text css=&raquo;&raquo;] Arbeider din virksomhet for \u00e5 bli mer b\u00e6rekraftig? I v\u00e5r venter en unik mulighet for deg som vil fordype deg i mer milj\u00f8vennlige etiketter og emballasje \u2013 Nordvalls B\u00e6rekraftsdag! Hva kan du forvente deg? Inspirerende foredrag: Ta del i ekspertkunnskap innen b\u00e6rekraftig emballasje og etiketter. Nordvalls, Nofima, Emballasjeforening og Fatland Gruppen inntar&hellip;<\/p>\n","protected":false},"author":13,"featured_media":8431,"comment_status":"closed","ping_status":"closed","sticky":false,"template":"","format":"standard","meta":{"footnotes":""},"categories":[99],"tags":[],"class_list":["post-9787","post","type-post","status-publish","format-standard","has-post-thumbnail","hentry","category-nyheter-no","category-99","description-off"],"_links":{"self":[{"href":"https:\/\/nordvallsetikett.com\/no\/wp-json\/wp\/v2\/posts\/9787","targetHints":{"allow":["GET"]}}],"collection":[{"href":"https:\/\/nordvallsetikett.com\/no\/wp-json\/wp\/v2\/posts"}],"about":[{"href":"https:\/\/nordvallsetikett.com\/no\/wp-json\/wp\/v2\/types\/post"}],"author":[{"embeddable":true,"href":"https:\/\/nordvallsetikett.com\/no\/wp-json\/wp\/v2\/users\/13"}],"replies":[{"embeddable":true,"href":"https:\/\/nordvallsetikett.com\/no\/wp-json\/wp\/v2\/comments?post=9787"}],"version-history":[{"count":38,"href":"https:\/\/nordvallsetikett.com\/no\/wp-json\/wp\/v2\/posts\/9787\/revisions"}],"predecessor-version":[{"id":10060,"href":"https:\/\/nordvallsetikett.com\/no\/wp-json\/wp\/v2\/posts\/9787\/revisions\/10060"}],"wp:featuredmedia":[{"embeddable":true,"href":"https:\/\/nordvallsetikett.com\/no\/wp-json\/wp\/v2\/media\/8431"}],"wp:attachment":[{"href":"https:\/\/nordvallsetikett.com\/no\/wp-json\/wp\/v2\/media?parent=9787"}],"wp:term":[{"taxonomy":"category","embeddable":true,"href":"https:\/\/nordvallsetikett.com\/no\/wp-json\/wp\/v2\/categories?post=9787"},{"taxonomy":"post_tag","embeddable":true,"href":"https:\/\/nordvallsetikett.com\/no\/wp-json\/wp\/v2\/tags?post=9787"}],"curies":[{"name":"wp","href":"https:\/\/api.w.org\/{rel}","templated":true}]}}