{"id":4885,"date":"2021-05-04T06:27:19","date_gmt":"2021-05-04T06:27:19","guid":{"rendered":"https:\/\/nordvalls.se\/?p=4885"},"modified":"2021-06-07T09:13:18","modified_gmt":"2021-06-07T09:13:18","slug":"nordvalls-forvarvar-laritryck","status":"publish","type":"post","link":"https:\/\/nordvallsetikett.com\/sv\/nyheter\/nordvalls-forvarvar-laritryck\/","title":{"rendered":"Nordvalls f\u00f6rv\u00e4rvar LariTryck"},"content":{"rendered":"<p><em>Pressmeddelande<\/em><\/p>\n<p>Nordvalls f\u00f6rv\u00e4rvar LariTryck AB och blir genom k\u00f6pet en av de st\u00f6rsta tillverkarna av etiketter p\u00e5 den skandinaviska marknaden. Med k\u00f6pet av LariTryck v\u00e4xer Nordvalls i s\u00e5v\u00e4l oms\u00e4ttning som personalstyrka och adderar en v\u00e4lsk\u00f6tt verksamhet med stor kunskap om etiketter till bolaget.<\/p>\n<h3>LariTryck och Nordvalls &#8211; etikettryckerier med m\u00e5nga likheter<\/h3>\n<p>Genom f\u00f6rv\u00e4rvet blir LariTryck en del av Nordvalls Etikett, hel\u00e4gt av L\u00fcbeckbaserade Possehl Identification Solutions. Nordvalls oms\u00e4ttning v\u00e4xer d\u00e4rmed fr\u00e5n 430 MSEK (2020) till ca 620 MSEK. Antalet medarbetare i Sverige \u00f6kar fr\u00e5n 115 till 173.<\/p>\n<p>&#8211; Nordvalls m\u00e5l \u00e4r att v\u00e4xa organiskt s\u00e5v\u00e4l som med f\u00f6rv\u00e4rv och <a href=\"http:\/\/www.laritryck.se\" target=\"_blank\" rel=\"noopener\">LariTryck<\/a> \u00e4r ett bra komplement till v\u00e5ra befintliga tryckerier. LariTryck arbetar med l\u00e5ngsiktiga och n\u00e4ra kundrelationer och har precis som vi en modern maskinpark, s\u00e4ger Nordvalls VD Patrik Jenemark.<\/p>\n<div id=\"attachment_4897\" style=\"width: 1310px\" class=\"wp-caption alignleft\"><a class=\"dt-pswp-item\" href=\"https:\/\/nordvallsetikett.com\/wp-content\/uploads\/2021\/05\/Johan_Ripa.jpeg\" data-dt-img-description=\"Johan Ripa kommer att forts\u00e4tta som VD f\u00f6r LariTryck tills vidare.\" data-large_image_width=\"1300\" data-large_image_height=\"867\"><img loading=\"lazy\" decoding=\"async\" aria-describedby=\"caption-attachment-4897\" class=\"wp-image-4897 size-medium\" src=\"https:\/\/nordvallsetikett.com\/wp-content\/uploads\/2021\/05\/Johan_Ripa-300x200.jpeg\" alt=\"Johan Ripa\" width=\"300\" height=\"200\" srcset=\"https:\/\/nordvallsetikett.com\/wp-content\/uploads\/2021\/05\/Johan_Ripa-300x200.jpeg 300w, https:\/\/nordvallsetikett.com\/wp-content\/uploads\/2021\/05\/Johan_Ripa-1024x683.jpeg 1024w, https:\/\/nordvallsetikett.com\/wp-content\/uploads\/2021\/05\/Johan_Ripa-768x512.jpeg 768w, https:\/\/nordvallsetikett.com\/wp-content\/uploads\/2021\/05\/Johan_Ripa.jpeg 1300w\" sizes=\"auto, (max-width: 300px) 100vw, 300px\" \/><\/a><p id=\"caption-attachment-4897\" class=\"wp-caption-text\">Johan Ripa kommer att forts\u00e4tta som VD f\u00f6r LariTryck.<\/p><\/div>\n<p>LariTryck AB, med anl\u00e4ggningar i Bjuv och N\u00e4ssj\u00f6, tillverkar etiketter f\u00f6r konsumentvaror och industriprodukter. Tryckeriet startades 1977 i \u00d6d\u00e5kra utanf\u00f6r Helsingborg av Bengt Ripa och har tills nu drivits i familjens regi. LariTryck blir genom f\u00f6rv\u00e4rvet, i likhet med Nordvalls, en del av Possehl Group.<\/p>\n<p>&#8211; Vi \u00e4r glada \u00f6ver att bli en del av Nordvalls Etikett som har entrepren\u00f6rsdrivna och l\u00e5ngsiktiga \u00e4gare, s\u00e4ger Johan Ripa, VD f\u00f6r LariTryck.<\/p>\n<p>LariTryck kommer tills vidare att forts\u00e4tta drivas med Johan Ripa som VD.<\/p>\n<h3>L\u00e4s mer<\/h3>\n<p>Media rapporterar om f\u00f6rv\u00e4rvet. H\u00e4r hittar du n\u00e5gra av reportagen.<\/p>\n<p><a href=\"https:\/\/www.sydsvenskan.se\/2021-05-04\/etikettbolag-i-bjuv-kops-av-konkurrent-i-sjobo\" target=\"_blank\" rel=\"noopener\">Sydsvenskan<\/a><br \/>\n<a href=\"https:\/\/www.hd.se\/2021-05-04\/etikettbolag-i-bjuv-kops-av-konkurrent-i-sjobo\" target=\"_blank\" rel=\"noopener\">Helsingborgs Dagblad<\/a><br \/>\n<a href=\"https:\/\/www.ystadsallehanda.se\/sjobo\/nordvalls-vaxer-och-nyanstaller-stor-efterfragan-pa-etiketter-under-pandemin-b9f86c2b\/\" target=\"_blank\" rel=\"noopener\">Ystads Allehanda<\/a><br \/>\n<a href=\"https:\/\/www.skd.se\/2021\/05\/04\/nordvalls-etikett-har-forvarvat-nytt-bolag\/\" target=\"_blank\" rel=\"noopener\">Sk\u00e5nska Dagbladet<\/a><br \/>\n<a href=\"https:\/\/www.packnews.se\/nordvalls-koper-laritryck-och-blir-jatte-i-skandinavien\/\" target=\"_blank\" rel=\"noopener\">PackNews<\/a><br \/>\n<a href=\"https:\/\/www.packnet.se\/article\/view\/789869\/annu_en_storaffar_etikettbranschen\" target=\"_blank\" rel=\"noopener\">Packmarknaden<\/a><br \/>\n<a href=\"https:\/\/www.branschkoll.se\/nordvalls-vaxer-kraftigt-med-forvarv-av-laritryck\/\" target=\"_blank\" rel=\"noopener\">Branschkoll<\/a><\/p>\n","protected":false},"excerpt":{"rendered":"<p>Nordvalls f\u00f6rv\u00e4rvar etikettryckeriet LariTryck AB. Genom f\u00f6rv\u00e4rvet f\u00f6rst\u00e4rker vi v\u00e5r position som en av Skandinaviens st\u00f6rsta tillverkare av etiketter och h\u00e4lsar ett v\u00e4lsk\u00f6tt bolag v\u00e4lkommen till oss.  <\/p>\n","protected":false},"author":1,"featured_media":4891,"comment_status":"closed","ping_status":"closed","sticky":false,"template":"","format":"standard","meta":{"footnotes":""},"categories":[31],"tags":[],"class_list":["post-4885","post","type-post","status-publish","format-standard","has-post-thumbnail","hentry","category-nyheter","category-31","description-off"],"_links":{"self":[{"href":"https:\/\/nordvallsetikett.com\/sv\/wp-json\/wp\/v2\/posts\/4885","targetHints":{"allow":["GET"]}}],"collection":[{"href":"https:\/\/nordvallsetikett.com\/sv\/wp-json\/wp\/v2\/posts"}],"about":[{"href":"https:\/\/nordvallsetikett.com\/sv\/wp-json\/wp\/v2\/types\/post"}],"author":[{"embeddable":true,"href":"https:\/\/nordvallsetikett.com\/sv\/wp-json\/wp\/v2\/users\/1"}],"replies":[{"embeddable":true,"href":"https:\/\/nordvallsetikett.com\/sv\/wp-json\/wp\/v2\/comments?post=4885"}],"version-history":[{"count":15,"href":"https:\/\/nordvallsetikett.com\/sv\/wp-json\/wp\/v2\/posts\/4885\/revisions"}],"predecessor-version":[{"id":5095,"href":"https:\/\/nordvallsetikett.com\/sv\/wp-json\/wp\/v2\/posts\/4885\/revisions\/5095"}],"wp:featuredmedia":[{"embeddable":true,"href":"https:\/\/nordvallsetikett.com\/sv\/wp-json\/wp\/v2\/media\/4891"}],"wp:attachment":[{"href":"https:\/\/nordvallsetikett.com\/sv\/wp-json\/wp\/v2\/media?parent=4885"}],"wp:term":[{"taxonomy":"category","embeddable":true,"href":"https:\/\/nordvallsetikett.com\/sv\/wp-json\/wp\/v2\/categories?post=4885"},{"taxonomy":"post_tag","embeddable":true,"href":"https:\/\/nordvallsetikett.com\/sv\/wp-json\/wp\/v2\/tags?post=4885"}],"curies":[{"name":"wp","href":"https:\/\/api.w.org\/{rel}","templated":true}]}}