{"id":5688,"date":"2022-02-28T09:24:49","date_gmt":"2022-02-28T09:24:49","guid":{"rendered":"https:\/\/nordvalls.se\/?p=5688"},"modified":"2023-09-07T13:29:23","modified_gmt":"2023-09-07T13:29:23","slug":"traffa-nordvalls-e-commerce-expo","status":"publish","type":"post","link":"https:\/\/nordvallsetikett.com\/sv\/nyheter\/traffa-nordvalls-e-commerce-expo\/","title":{"rendered":"Tr\u00e4ffa Nordvalls p\u00e5 E-commerce Expo"},"content":{"rendered":"<div class=\"wpb-content-wrapper\"><p>[vc_row][vc_column][vc_column_text]<\/p>\n<p style=\"text-align: left;\">Varmt v\u00e4lkomna till Retail TECH, E-Commerce Expo &amp; Mark Tech Expo 2022 \u2013 Nordens fr\u00e4msta m\u00f6tesplats, konferens och m\u00e4ssa f\u00f6r framtidens handel och e-handel p\u00e5 Kistam\u00e4ssan 20 \u2013 21 april 2022<\/p>\n<ul>\n<li>Frukostseminarier<\/li>\n<li>Helt\u00e4ckande konferensprogram<\/li>\n<li>Framst\u00e5ende talare p\u00e5 scen<\/li>\n<li>Stort m\u00e4ssgolv<\/li>\n<li>Kv\u00e4llsmingel<\/li>\n<\/ul>\n<p style=\"text-align: left;\">Kom och tr\u00e4ffa Nordvalls i monter<span style=\"color: #003366;\"> <strong>F:08<\/strong><\/span> f\u00f6r att prata r\u00e4tt etikettl\u00f6sningar f\u00f6r din verksamhet. Vare sig det g\u00e4ller fraktetiketter f\u00f6r logistik och e-handel eller h\u00f6gprofilerade etiketter avsedda f\u00f6r applicering direkt p\u00e5 produkt, vi har etiketterna, trycktekniken och kunskapen till att hj\u00e4lpa dig till ett lyckat resultat.<\/p>\n<p style=\"text-align: left;\">Nordvalls bjuder p\u00e5 entr\u00e9n och ger 10% rabatt p\u00e5 konferensbiljetterna, anv\u00e4nd v\u00e5r VIP kod <span style=\"color: #003366;\"><b>1158<\/b> <\/span>f\u00f6r att utnyttja erbjudandet. Du registrerar din kod i slutet av anm\u00e4lningsformul\u00e4ret.<\/p>\n<p>&nbsp;<\/p>\n<p>[\/vc_column_text][\/vc_column][\/vc_row][vc_row][vc_column]<style type=\"text\/css\" data-type=\"the7_shortcodes-inline-css\">#default-btn-c0f4dc668c8a5bfa8c21ecf26dd54926.ico-right-side > i {\n  margin-right: 0px;\n  margin-left: 8px;\n}\n#default-btn-c0f4dc668c8a5bfa8c21ecf26dd54926 > i {\n  margin-right: 8px;\n}<\/style><a href=\"https:\/\/bit.ly\/3LuuLbv\" class=\"default-btn-shortcode dt-btn dt-btn-s link-hover-off btn-inline-left \" id=\"default-btn-c0f4dc668c8a5bfa8c21ecf26dd54926\" target=\"_blank\" rel=\"noopener\"><span>Boka din biljett h\u00e4r<\/span><\/a>[\/vc_column][\/vc_row][vc_row][vc_column][vc_column_text]<\/p>\n<p>&nbsp;<\/p>\n<p>L\u00e4s mer om m\u00e4ssan:<\/p>\n<p><a href=\"https:\/\/retailexpostockholm.se\/\" target=\"_blank\" rel=\"noopener\">https:\/\/retailexpostockholm.se\/<\/a><\/p>\n<p><a href=\"https:\/\/ecommerceexpo.se\/\" target=\"_blank\" rel=\"noopener\">https:\/\/ecommerceexpo.se\/<\/a><\/p>\n<p><a href=\"https:\/\/marktechexpo.se\/\" target=\"_blank\" rel=\"noopener\">https:\/\/marktechexpo.se\/<\/a><\/p>\n<p style=\"text-align: left;\">Vi ser fram emot att ses p\u00e5 m\u00e4ssan!<\/p>\n<p>[\/vc_column_text][\/vc_column][\/vc_row]<\/p>\n<\/div>","protected":false},"excerpt":{"rendered":"<p>[vc_row][vc_column][vc_column_text] Varmt v\u00e4lkomna till Retail TECH, E-Commerce Expo &amp; Mark Tech Expo 2022 \u2013 Nordens fr\u00e4msta m\u00f6tesplats, konferens och m\u00e4ssa f\u00f6r framtidens handel och e-handel p\u00e5 Kistam\u00e4ssan 20 \u2013 21 april 2022 Frukostseminarier Helt\u00e4ckande konferensprogram Framst\u00e5ende talare p\u00e5 scen Stort m\u00e4ssgolv Kv\u00e4llsmingel Kom och tr\u00e4ffa Nordvalls i monter F:08 f\u00f6r att prata r\u00e4tt etikettl\u00f6sningar f\u00f6r&hellip;<\/p>\n","protected":false},"author":1,"featured_media":5933,"comment_status":"closed","ping_status":"closed","sticky":false,"template":"","format":"standard","meta":{"footnotes":""},"categories":[31],"tags":[],"class_list":["post-5688","post","type-post","status-publish","format-standard","has-post-thumbnail","hentry","category-nyheter","category-31","description-off"],"_links":{"self":[{"href":"https:\/\/nordvallsetikett.com\/sv\/wp-json\/wp\/v2\/posts\/5688","targetHints":{"allow":["GET"]}}],"collection":[{"href":"https:\/\/nordvallsetikett.com\/sv\/wp-json\/wp\/v2\/posts"}],"about":[{"href":"https:\/\/nordvallsetikett.com\/sv\/wp-json\/wp\/v2\/types\/post"}],"author":[{"embeddable":true,"href":"https:\/\/nordvallsetikett.com\/sv\/wp-json\/wp\/v2\/users\/1"}],"replies":[{"embeddable":true,"href":"https:\/\/nordvallsetikett.com\/sv\/wp-json\/wp\/v2\/comments?post=5688"}],"version-history":[{"count":16,"href":"https:\/\/nordvallsetikett.com\/sv\/wp-json\/wp\/v2\/posts\/5688\/revisions"}],"predecessor-version":[{"id":5943,"href":"https:\/\/nordvallsetikett.com\/sv\/wp-json\/wp\/v2\/posts\/5688\/revisions\/5943"}],"wp:featuredmedia":[{"embeddable":true,"href":"https:\/\/nordvallsetikett.com\/sv\/wp-json\/wp\/v2\/media\/5933"}],"wp:attachment":[{"href":"https:\/\/nordvallsetikett.com\/sv\/wp-json\/wp\/v2\/media?parent=5688"}],"wp:term":[{"taxonomy":"category","embeddable":true,"href":"https:\/\/nordvallsetikett.com\/sv\/wp-json\/wp\/v2\/categories?post=5688"},{"taxonomy":"post_tag","embeddable":true,"href":"https:\/\/nordvallsetikett.com\/sv\/wp-json\/wp\/v2\/tags?post=5688"}],"curies":[{"name":"wp","href":"https:\/\/api.w.org\/{rel}","templated":true}]}}