{"id":6102,"date":"2022-04-26T07:09:29","date_gmt":"2022-04-26T07:09:29","guid":{"rendered":"https:\/\/nordvalls.se\/?p=6102"},"modified":"2023-09-07T13:28:25","modified_gmt":"2023-09-07T13:28:25","slug":"strejken-avblast","status":"publish","type":"post","link":"https:\/\/nordvallsetikett.com\/sv\/nyheter\/strejken-avblast\/","title":{"rendered":"Gl\u00e4djebeskedet- Strejken hos papperstillverkaren avbl\u00e5st!"},"content":{"rendered":"<p><strong>Den 22\/4 kom beskedet som hela etikettbranschen och m\u00e5nga kunder l\u00e4ngtat efter &#8211; den 112 dagar l\u00e5nga strejken hos papperstillverkaren UPM \u00e4r avbl\u00e5st!<\/strong><\/p>\n<p>Strejken och brist p\u00e5 material har sannerligen uppm\u00e4rksammat vikten av etiketter. Vi p\u00e5 Nordvalls har, och kommer forts\u00e4tta, att arbeta h\u00e5rt f\u00f6r att mildra effekterna och efterskalvet f\u00f6r v\u00e5ra kunder. Strejken \u00e4r avbl\u00e5st, men det kommer att dr\u00f6ja innan materialtillg\u00e5ngen \u00e5ter \u00e4r det normala vilket g\u00f6r att vi f\u00f6rutsp\u00e5r fortsatt l\u00e4ngre leveranstider och ledtider \u00e4n normalt.<\/p>\n<p>Vi vill p\u00e5 f\u00f6rhand tacka f\u00f6r ert t\u00e5lamod och f\u00f6rst\u00e5else under strejken som varit en pr\u00f6vning f\u00f6r samtliga.<br \/>\nHar du fr\u00e5gor om din specifika order var god v\u00e4nd dig till din n\u00e4rmaste kontaktperson.<\/p>\n<p>F\u00f6r mer information:<\/p>\n<p><a href=\"https:\/\/www.upm.com\/about-us\/for-media\/releases\/2022\/04\/upm-and-paperworkers-union-agree-on-first-ever-business-specific-collective-labour-agreements--strike-ends-at-upm-mills-in-finland\/\" target=\"_blank\" rel=\"noopener\">https:\/\/www.upm.com\/about-us\/for-media\/releases\/2022\/04\/upm-and-paperworkers-union-agree-on-first-ever-business-specific-collective-labour-agreements&#8211;strike-ends-at-upm-mills-in-finland\/<\/a><\/p>\n<p><strong>The 22nd of April the entire label industry and customers got the news we&#8217;ve longed for &#8211; the 112-day strike at the paper manufacturer UPM has been called off!<\/strong><\/p>\n<p>The strike and lack of materials have certainly drawn attention to the importance of labels. At Nordvalls we have, and will continue, to work hard to mitigate the effects and aftershocks for our customers. The strike has been called off, but it will take time before the material supply is anywhere near back to normal, which means that we continue to predict longer delivery times and lead times than normal.<\/p>\n<p>We would like to thank you in advance for your patience and understanding during the strike, which has been a trial for all.<br \/>\nIf you have questions about your specific order, please contact your nearest contact person.<\/p>\n<p>For more information:<\/p>\n<p><a href=\"https:\/\/www.upm.com\/about-us\/for-media\/releases\/2022\/04\/upm-and-paperworkers-union-agree-on-first-ever-business-specific-collective-labour-agreements--strike-ends-at-upm-mills-in-finland\/\" target=\"_blank\" rel=\"noopener\">https:\/\/www.upm.com\/about-us\/for-media\/releases\/2022\/04\/upm-and-paperworkers-union-agree-on-first-ever-business-specific-collective-labour-agreements&#8211;strike-ends-at-upm-mills-in-finland\/<\/a><\/p>\n","protected":false},"excerpt":{"rendered":"<p>Den 22\/4 kom beskedet som hela etikettbranschen och m\u00e5nga kunder l\u00e4ngtat efter &#8211; den 112 dagar l\u00e5nga strejken hos papperstillverkaren UPM \u00e4r avbl\u00e5st! Strejken och brist p\u00e5 material har sannerligen uppm\u00e4rksammat vikten av etiketter. Vi p\u00e5 Nordvalls har, och kommer forts\u00e4tta, att arbeta h\u00e5rt f\u00f6r att mildra effekterna och efterskalvet f\u00f6r v\u00e5ra kunder. Strejken \u00e4r&hellip;<\/p>\n","protected":false},"author":1,"featured_media":6026,"comment_status":"closed","ping_status":"closed","sticky":false,"template":"","format":"standard","meta":{"footnotes":""},"categories":[31],"tags":[],"class_list":["post-6102","post","type-post","status-publish","format-standard","has-post-thumbnail","hentry","category-nyheter","category-31","description-off"],"_links":{"self":[{"href":"https:\/\/nordvallsetikett.com\/sv\/wp-json\/wp\/v2\/posts\/6102","targetHints":{"allow":["GET"]}}],"collection":[{"href":"https:\/\/nordvallsetikett.com\/sv\/wp-json\/wp\/v2\/posts"}],"about":[{"href":"https:\/\/nordvallsetikett.com\/sv\/wp-json\/wp\/v2\/types\/post"}],"author":[{"embeddable":true,"href":"https:\/\/nordvallsetikett.com\/sv\/wp-json\/wp\/v2\/users\/1"}],"replies":[{"embeddable":true,"href":"https:\/\/nordvallsetikett.com\/sv\/wp-json\/wp\/v2\/comments?post=6102"}],"version-history":[{"count":7,"href":"https:\/\/nordvallsetikett.com\/sv\/wp-json\/wp\/v2\/posts\/6102\/revisions"}],"predecessor-version":[{"id":6121,"href":"https:\/\/nordvallsetikett.com\/sv\/wp-json\/wp\/v2\/posts\/6102\/revisions\/6121"}],"wp:featuredmedia":[{"embeddable":true,"href":"https:\/\/nordvallsetikett.com\/sv\/wp-json\/wp\/v2\/media\/6026"}],"wp:attachment":[{"href":"https:\/\/nordvallsetikett.com\/sv\/wp-json\/wp\/v2\/media?parent=6102"}],"wp:term":[{"taxonomy":"category","embeddable":true,"href":"https:\/\/nordvallsetikett.com\/sv\/wp-json\/wp\/v2\/categories?post=6102"},{"taxonomy":"post_tag","embeddable":true,"href":"https:\/\/nordvallsetikett.com\/sv\/wp-json\/wp\/v2\/tags?post=6102"}],"curies":[{"name":"wp","href":"https:\/\/api.w.org\/{rel}","templated":true}]}}