{"id":6816,"date":"2023-03-15T14:39:18","date_gmt":"2023-03-15T14:39:18","guid":{"rendered":"https:\/\/nordvalls.se\/?p=6816"},"modified":"2023-03-26T14:59:27","modified_gmt":"2023-03-26T14:59:27","slug":"nordvalls-interpack-2023","status":"publish","type":"post","link":"https:\/\/nordvallsetikett.com\/sv\/nyheter\/nordvalls-interpack-2023\/","title":{"rendered":"Nordvalls till Interpack 2023"},"content":{"rendered":"<div class=\"wpb-content-wrapper\"><p>[vc_row][vc_column][vc_column_text]F\u00f6r f\u00f6rsta g\u00e5ngen kommer Nordvalls Label Group att delta p\u00e5 <a href=\"https:\/\/www.interpack.com\/\" target=\"_blank\" rel=\"noopener\"><span style=\"color: #007ac2;\"><strong>Interpack<\/strong><\/span><\/a> mellan <span style=\"color: #000000;\">4:e till 10:e maj 2023 i D\u00fcsseldorf <\/span>tillsammans med systerf\u00f6retagen i <span style=\"color: #007ac2;\"><strong><a style=\"color: #007ac2;\" href=\"https:\/\/www.possehl-identification.com\/en\" target=\"_blank\" rel=\"noopener\">Possehl Identification Solutions<\/a> (PID)<\/strong><\/span><\/p>\n<p>I v\u00e5r gemensamma monter p\u00e5 400 kvadratmeter kommer du att hitta alla t\u00e4nkbara l\u00f6sningar f\u00f6r produktidentifiering: Fr\u00e5n etiketter till h\u00e5rdvara och mjukvara. PID \u00e4r din expert och leverant\u00f6r med alla identifieringsl\u00f6sningar.[\/vc_column_text]<div class=\"ult-spacer spacer-69ee8d1b7785e\" data-id=\"69ee8d1b7785e\" data-height=\"50\" data-height-mobile=\"40\" data-height-tab=\"40\" data-height-tab-portrait=\"40\" data-height-mobile-landscape=\"40\" style=\"clear:both;display:block;\"><\/div>[\/vc_column][\/vc_row][vc_row][vc_column][vc_column_text]<\/p>\n<h3><span style=\"color: #33475b;\">PID &#8211; Your product identification experts<\/span><\/h3>\n<p>Possehl Identification Solutions (PID) \u00e4r ett, av flera, aff\u00e4rsomr\u00e5den inom f\u00f6retagskoncernen Possehl. F\u00f6retagen i PID \u00e4r specialiserade p\u00e5 m\u00e4rkning, kodning, mjukvara och etikettproduktion. Nordvalls har varit en del av PID sedan 2017. Fokus f\u00f6r de oberoende varum\u00e4rkena i PID \u00e4r att samla f\u00f6retagens expertis och erfarenhet, d\u00e4r startskottet \u00e4r en gemensam monter p\u00e5 Interpack 2023. Med slogan &#8221;PID &#8211; Your Product Identification Experts&#8221; positionerar PID sig som en grupp ledande f\u00f6retag med h\u00f6gkvalitativa l\u00f6sningar f\u00f6r m\u00e4rkning och identifiering av produkter.<\/p>\n<p>&nbsp;<\/p>\n<p>Genom f\u00f6retagsf\u00f6rv\u00e4rv har PID vuxit kraftigt de senaste \u00e5ren. Det finns f\u00f6r n\u00e4rvarande tio f\u00f6retag som tillh\u00f6r gruppen:[\/vc_column_text]<style type=\"text\/css\" data-type=\"the7_shortcodes-inline-css\">.shortcode-single-image-wrap.shortcode-single-image-766f47badbaa896b47dccc63cd286854.enable-bg-rollover .rollover i,\n.shortcode-single-image-wrap.shortcode-single-image-766f47badbaa896b47dccc63cd286854.enable-bg-rollover .rollover-video i {\n  background: -webkit-linear-gradient();\n  background: linear-gradient();\n}\n.shortcode-single-image-wrap.shortcode-single-image-766f47badbaa896b47dccc63cd286854 .rollover-icon {\n  font-size: 32px;\n  color: #ffffff;\n  min-width: 44px;\n  min-height: 44px;\n  line-height: 44px;\n  border-radius: 100px;\n  border-style: solid;\n  border-width: 0px;\n}\n.dt-icon-bg-on.shortcode-single-image-wrap.shortcode-single-image-766f47badbaa896b47dccc63cd286854 .rollover-icon {\n  background: rgba(255,255,255,0.3);\n  box-shadow: none;\n}<\/style><div class=\"shortcode-single-image-wrap shortcode-single-image-766f47badbaa896b47dccc63cd286854 alignnone  enable-bg-rollover dt-icon-bg-off\" style=\"margin-top:0px; margin-bottom:0px; margin-left:0px; margin-right:0px; width:1200px;\"><div class=\"shortcode-single-image\"><div class=\"fancy-media-wrap  layzr-bg\" style=\"\"><img fetchpriority=\"high\" decoding=\"async\" class=\"preload-me lazy-load aspect\" src=\"data:image\/svg+xml,%3Csvg%20xmlns%3D&#39;http%3A%2F%2Fwww.w3.org%2F2000%2Fsvg&#39;%20viewBox%3D&#39;0%200%201200%20272&#39;%2F%3E\" data-src=\"https:\/\/nordvallsetikett.com\/wp-content\/uploads\/2023\/03\/banner-with-all-company-logos35-1200x272.png\" data-srcset=\"https:\/\/nordvallsetikett.com\/wp-content\/uploads\/2023\/03\/banner-with-all-company-logos35-1200x272.png 1200w, https:\/\/nordvallsetikett.com\/wp-content\/uploads\/2023\/03\/banner-with-all-company-logos35.png 1293w\" loading=\"eager\" sizes=\"(max-width: 1200px) 100vw, 1200px\" width=\"1200\" height=\"272\"  data-dt-location=\"https:\/\/nordvallsetikett.com\/sv\/nyheter\/nordvalls-interpack-2023\/attachment\/banner-with-all-company-logos35\/\" style=\"--ratio: 1200 \/ 272;\" alt=\"\" \/><\/div><\/div><\/div><div class=\"ult-spacer spacer-69ee8d1b78885\" data-id=\"69ee8d1b78885\" data-height=\"50\" data-height-mobile=\"40\" data-height-tab=\"40\" data-height-tab-portrait=\"40\" data-height-mobile-landscape=\"40\" style=\"clear:both;display:block;\"><\/div>[\/vc_column][\/vc_row][vc_row][vc_column][vc_column_text]<\/p>\n<h3><span style=\"color: #33475b;\">Nordvalls Label Group<\/span><\/h3>\n<p>F\u00f6r f\u00f6rsta g\u00e5ngen presenteras Nordvalls Label Group gemensamma utbud av etiketter och etikettl\u00f6sningar.<br \/>\nI Nordvalls Label Group ing\u00e5r Nordvalls Etikett, <a href=\"https:\/\/koelle-etiketten.de\/en\/\" target=\"_blank\" rel=\"noopener\">K\u00f6lle Etiketten GmbH<\/a>. och <a href=\"https:\/\/www.watermillpress.co.uk\/\" target=\"_blank\" rel=\"noopener\">Watermill Press<\/a>.<br \/>\nEn grupp av bolag, specialiserade inom etiketter, med stor geografisk n\u00e4rvaro och kunder inom alla branscher.[\/vc_column_text]<div class=\"ult-spacer spacer-69ee8d1b788bd\" data-id=\"69ee8d1b788bd\" data-height=\"50\" data-height-mobile=\"40\" data-height-tab=\"40\" data-height-tab-portrait=\"40\" data-height-mobile-landscape=\"40\" style=\"clear:both;display:block;\"><\/div>[vc_column_text]<\/p>\n<h3><span style=\"color: #33475b;\">Interpack 2023<\/span><\/h3>\n<p>Det viktigaste internationella evenemanget f\u00f6r f\u00f6rpackningsindustrin!<br \/>\nDen globala f\u00f6rpackningsindustrin m\u00f6ts i D\u00fcsseldorf, Tyskland. Innovationer l\u00e4ngs hela v\u00e4rdekedjan presenteras och de fr\u00e4msta trenderna diskuteras. Fokus ligger p\u00e5 f\u00f6rpackningsmaterial, f\u00f6rpackningsmaskiner och relaterad processteknologi till livsmedel, drycker, konfektyr, bageri, l\u00e4kemedel, kosmetika, icke-livsmedel och industrivaror.[\/vc_column_text][\/vc_column][\/vc_row][vc_row][vc_column]<div class=\"ult-spacer spacer-69ee8d1b788fe\" data-id=\"69ee8d1b788fe\" data-height=\"50\" data-height-mobile=\"40\" data-height-tab=\"40\" data-height-tab-portrait=\"40\" data-height-mobile-landscape=\"40\" style=\"clear:both;display:block;\"><\/div>[vc_raw_html]JTNDJTJGcCUzRSUzQ3NjcmlwdCUyMGNoYXJzZXQlM0QlMjJ1dGYtOCUyMiUyMHR5cGUlM0QlMjJ0ZXh0JTJGamF2YXNjcmlwdCUyMiUyMHNyYyUzRCUyMiUyRiUyRmpzLmhzZm9ybXMubmV0JTJGZm9ybXMlMkZlbWJlZCUyRnYyLmpzJTIyJTNFJTNDJTJGc2NyaXB0JTNFJTBBJTNDc2NyaXB0JTNFJTBBJTIwJTIwaGJzcHQuZm9ybXMuY3JlYXRlJTI4JTdCJTBBJTIwJTIwJTIwJTIwcmVnaW9uJTNBJTIwJTIybmExJTIyJTJDJTBBJTIwJTIwJTIwJTIwcG9ydGFsSWQlM0ElMjAlMjI4Mzk0MDM2JTIyJTJDJTBBJTIwJTIwJTIwJTIwZm9ybUlkJTNBJTIwJTIyNjhjYmU2YzEtMWNhZS00NTFkLWEzZjItZTI3MmVhNzFlNjAwJTIyJTBBJTIwJTIwJTdEJTI5JTNCJTBBJTNDJTJGc2NyaXB0JTNF[\/vc_raw_html][\/vc_column][\/vc_row]<\/p>\n<\/div>","protected":false},"excerpt":{"rendered":"<p>[vc_row][vc_column][vc_column_text]F\u00f6r f\u00f6rsta g\u00e5ngen kommer Nordvalls Label Group att delta p\u00e5 Interpack mellan 4:e till 10:e maj 2023 i D\u00fcsseldorf tillsammans med systerf\u00f6retagen i Possehl Identification Solutions (PID) I v\u00e5r gemensamma monter p\u00e5 400 kvadratmeter kommer du att hitta alla t\u00e4nkbara l\u00f6sningar f\u00f6r produktidentifiering: Fr\u00e5n etiketter till h\u00e5rdvara och mjukvara. PID \u00e4r din expert och leverant\u00f6r&hellip;<\/p>\n","protected":false},"author":1,"featured_media":6823,"comment_status":"closed","ping_status":"closed","sticky":false,"template":"","format":"standard","meta":{"footnotes":""},"categories":[31],"tags":[],"class_list":["post-6816","post","type-post","status-publish","format-standard","has-post-thumbnail","hentry","category-nyheter","category-31","description-off"],"_links":{"self":[{"href":"https:\/\/nordvallsetikett.com\/sv\/wp-json\/wp\/v2\/posts\/6816","targetHints":{"allow":["GET"]}}],"collection":[{"href":"https:\/\/nordvallsetikett.com\/sv\/wp-json\/wp\/v2\/posts"}],"about":[{"href":"https:\/\/nordvallsetikett.com\/sv\/wp-json\/wp\/v2\/types\/post"}],"author":[{"embeddable":true,"href":"https:\/\/nordvallsetikett.com\/sv\/wp-json\/wp\/v2\/users\/1"}],"replies":[{"embeddable":true,"href":"https:\/\/nordvallsetikett.com\/sv\/wp-json\/wp\/v2\/comments?post=6816"}],"version-history":[{"count":49,"href":"https:\/\/nordvallsetikett.com\/sv\/wp-json\/wp\/v2\/posts\/6816\/revisions"}],"predecessor-version":[{"id":6904,"href":"https:\/\/nordvallsetikett.com\/sv\/wp-json\/wp\/v2\/posts\/6816\/revisions\/6904"}],"wp:featuredmedia":[{"embeddable":true,"href":"https:\/\/nordvallsetikett.com\/sv\/wp-json\/wp\/v2\/media\/6823"}],"wp:attachment":[{"href":"https:\/\/nordvallsetikett.com\/sv\/wp-json\/wp\/v2\/media?parent=6816"}],"wp:term":[{"taxonomy":"category","embeddable":true,"href":"https:\/\/nordvallsetikett.com\/sv\/wp-json\/wp\/v2\/categories?post=6816"},{"taxonomy":"post_tag","embeddable":true,"href":"https:\/\/nordvallsetikett.com\/sv\/wp-json\/wp\/v2\/tags?post=6816"}],"curies":[{"name":"wp","href":"https:\/\/api.w.org\/{rel}","templated":true}]}}