{"id":8330,"date":"2024-05-02T08:56:12","date_gmt":"2024-05-02T08:56:12","guid":{"rendered":"https:\/\/nordvallsetikett.com\/?p=8330"},"modified":"2024-05-02T10:06:58","modified_gmt":"2024-05-02T10:06:58","slug":"fa-insyn-i-kvalitetssakringsarbetet-lar-kanna-kvalitetschef-angela-oberdorfer","status":"publish","type":"post","link":"https:\/\/nordvallsetikett.com\/sv\/blogg\/fa-insyn-i-kvalitetssakringsarbetet-lar-kanna-kvalitetschef-angela-oberdorfer\/","title":{"rendered":"F\u00e5 insyn i kvalitetss\u00e4kringsarbetet \u2013 L\u00e4r k\u00e4nna Kvalitetschef Angela Oberdorfer"},"content":{"rendered":"\r\n<p>Som Kvalitetschef p\u00e5 Nordvalls Etikett \u00e4r Angela Oberdorfers uppgift att driva kvalitetsfr\u00e5gor p\u00e5 alla Nordvalls svenska anl\u00e4ggningar. Hon har \u00f6ver 25 \u00e5rs erfarenhet av att arbeta med f\u00f6rpackningar och nu de sista \u00e5ren \u00e4ven etiketter. Angela, som utg\u00e5r ifr\u00e5n M\u00f6lnlycke, arbetar i ett team som utg\u00f6rs av en kvalitetskoordinator i Bjuv och en i Sj\u00f6bo. Tillsammans arbetar de f\u00f6r att driva och utveckla kvalitetsarbetet p\u00e5 respektive enhet.<\/p>\r\n\r\n\r\n\r\n<p>&#8211; Min uppgift \u00e4r att driva, koordinera och st\u00f6dja Nordvalls i kvalitetsfr\u00e5gor. Sedan Nordvalls k\u00f6pte upp Lexit Labels har vi under det senaste \u00e5ret arbetat mycket med att synka v\u00e5ra ledningssystem. Vi har olika typer av certifieringar som ska synkas \u00f6ver alla anl\u00e4ggningar, till exempel jobbar vi p\u00e5 att Sj\u00f6bo ska bli livsmedelscertifierat, som M\u00f6lnlycke redan \u00e4r, s\u00e4ger Angela.<\/p>\r\n\r\n\r\n\r\n<h2 class=\"wp-block-heading\">Vad har ni f\u00f6r interna processer f\u00f6r att kvalitetss\u00e4kra etiketter mot kundernas behov?<\/h2>\r\n\r\n\r\n\r\n<p>F\u00f6rst och fr\u00e4mst s\u00e4kerst\u00e4ller s\u00e4ljavdelningen kundens kravst\u00e4llan p\u00e5 bakgrundsinformation om etiketten. Det \u00e4r viktigt att etiketten produceras p\u00e5 ett s\u00e5dant s\u00e4tt att den \u00e4r l\u00e4mplig f\u00f6r milj\u00f6n den ska vistas i; som v\u00e4rme, kyla eller att den ska t\u00e5la t ex kemikalier. Innes\u00e4ljsteamet arbetar dagligen med att bist\u00e5 v\u00e5ra kunder med information och vidarebefordrar deras \u00f6nskem\u00e5l internt.<\/p>\r\n\r\n\r\n\r\n<p>&#8211; Vi har ett n\u00e4ra samarbete med v\u00e5ra materialleverant\u00f6rer. Vid ankomst av gods kontrolleras alla produkter noggrant, dels s\u00e5 att vi f\u00e5tt det vi best\u00e4llt men \u00e4ven att godset \u00e4r helt och rent. N\u00e4r det \u00e4r dags f\u00f6r tryck har Nordvalls operat\u00f6rer en checklista f\u00f6r kontroller som de f\u00f6ljer f\u00f6r varje producerad batch. H\u00e4r verifieras att \u00f6verenskomna kontroller \u00e4r utf\u00f6rda och att det vi beh\u00f6ver f\u00e5 registrerat f\u00f6r v\u00e5rt sp\u00e5rningsarbete \u00e4r utf\u00f6rt. Detta avser allt fr\u00e5n f\u00e4rger, stansbilder, eventuell perforering\/slittning, l\u00e4sbarhet, funktionstester och \u00e4ven dokumenterad teknisk information om hur jobbet \u00e4r producerat. Vi har \u00e4ven checklistor f\u00f6r dagligt och veckovist underh\u00e5ll och st\u00e4d. \u00c4ven v\u00e5ra verkstadstekniker har checklistor och program de f\u00f6ljer f\u00f6r att maskinerna ska kunna k\u00f6ras effektivt.<\/p>\r\n\r\n\r\n\r\n<p>Alla led \u00e4r involverade i kvalitetss\u00e4kringen och kvalitet \u00e4r alla ansvar. Det var Angela som sj\u00e4lv utvecklade ledningssystemet f\u00f6r kvalitetss\u00e4kring n\u00e4r hon b\u00f6rjade och \u00e4r d\u00e4rf\u00f6r h\u00f6gst involverad.<\/p>\r\n\r\n\r\n\r\n<p>&#8211; Alla delar beh\u00f6ver lira, alla kuggar \u00e4r lika viktiga. Tryckarna kan inte g\u00f6ra underverk om inte f\u00f6ruts\u00e4ttningarna \u00e4r r\u00e4tt. Det blir fel ibland som i alla produktioner, viktigt \u00e4r d\u00e5 att hantera detta korrekt oavsett om etiketter g\u00e5tt till kund eller inte. Vi utreder alla interna avvikelser och kund\u00e4renden ordentligt och f\u00f6rs\u00f6ker alltid hitta grundorsaken s\u00e5 att vi kan \u00e5tg\u00e4rda brister och d\u00e5 f\u00f6rebygga att det upprepas. Det st\u00e4ndiga f\u00f6rb\u00e4ttringsarbetet \u00e4r viktigt att det p\u00e5g\u00e5r hela tiden.<\/p>\r\n\r\n\r\n\r\n<p><a class=\"dt-pswp-item\" href=\"https:\/\/nordvallsetikett.com\/wp-content\/uploads\/2024\/05\/231102_Nordvalls_2035_web.jpg\" data-dt-img-description=\"Nordvalls Tryckeri M\u00f6lnlycke\" data-large_image_width=\"2000\" data-large_image_height=\"1333\"><img loading=\"lazy\" decoding=\"async\" class=\"aligncenter wp-image-8327 size-large\" src=\"https:\/\/nordvallsetikett.com\/wp-content\/uploads\/2024\/05\/231102_Nordvalls_2035_web-1024x682.jpg\" alt=\"kvalitetss\u00e4kring av etiketter\" width=\"1024\" height=\"682\" srcset=\"https:\/\/nordvallsetikett.com\/wp-content\/uploads\/2024\/05\/231102_Nordvalls_2035_web-1024x682.jpg 1024w, https:\/\/nordvallsetikett.com\/wp-content\/uploads\/2024\/05\/231102_Nordvalls_2035_web-300x200.jpg 300w, https:\/\/nordvallsetikett.com\/wp-content\/uploads\/2024\/05\/231102_Nordvalls_2035_web-768x512.jpg 768w, https:\/\/nordvallsetikett.com\/wp-content\/uploads\/2024\/05\/231102_Nordvalls_2035_web-1536x1024.jpg 1536w, https:\/\/nordvallsetikett.com\/wp-content\/uploads\/2024\/05\/231102_Nordvalls_2035_web.jpg 2000w\" sizes=\"auto, (max-width: 1024px) 100vw, 1024px\" \/><\/a><\/p>\r\n<h2 class=\"wp-block-heading\">Kan du ber\u00e4tta mer om livsmedelscertifieringen &#8211; ISO 22000?<\/h2>\r\n\r\n\r\n\r\n<p>&#8211; ISO 22000 \u00e4r en standard som har krav p\u00e5 ledningssystem f\u00f6r livsmedelss\u00e4kerhet. Det inneb\u00e4r bl a att vi riskbed\u00f6mer alla processteg som vi har. Det man \u00e4r ute efter \u00e4r att minimera risker f\u00f6r konsumentskada. Metodiken man anv\u00e4nder f\u00f6r denna typ av riskbed\u00f6mning heter HACCP.<\/p>\r\n\r\n\r\n\r\n<p>Under 2024 ska anl\u00e4ggningen i Sj\u00f6bo certifieras enligt FSSC 22000 (en GFSI-godk\u00e4nd standard som har ISO22000 som bas). Samtidigt uppgraderar M\u00f6lnlycke sitt certifikat s\u00e5 att b\u00e5da anl\u00e4ggningarna blir FSSC 22000-certifierade. Anl\u00e4ggningarna ska kvalitetss\u00e4kras f\u00f6r att h\u00e5llas uppdaterade med de kundkrav som st\u00e4lls. Detta blir en trygghet f\u00f6r v\u00e5ra livsmedelskunder d\u00e5 vi enkelt kan p\u00e5visa att vi har ett ledningssystem som har konsuments\u00e4kerhet i fokus.<\/p>\r\n\r\n\r\n\r\n<p>Arbetet omfattar bland annat:<\/p>\r\n\r\n\r\n\r\n<ul class=\"wp-block-list\">\r\n<li>Styra s\u00e5 att f\u00e4rger och andra kemikalier inte migrerar fr\u00e5n etikett till slutprodukt.<\/li>\r\n\r\n\r\n\r\n<li>F\u00f6rebygga\/kontrollera s\u00e5 att inte fr\u00e4mmande f\u00f6rem\u00e5l, egentligen alla fysiska f\u00f6rem\u00e5l som inte avsiktligt tills\u00e4tts, hamnar i etikettleveranserna och sedan hos livsmedelsproducenten i n\u00e5gon form.<\/li>\r\n\r\n\r\n\r\n<li>Motverka mikrobakteriella risker med rutiner f\u00f6r hygien och renlighet, genom att till exempel tv\u00e4tta h\u00e4nderna, b\u00e4ra skydds- och arbetskl\u00e4der som endast anv\u00e4nds i hygienzon och kontrollera inkommande gods.<\/li>\r\n\r\n\r\n\r\n<li>Avv\u00e4rja kemiska risker som kan kontaminera etiketterna i tryckpressarna.<\/li>\r\n<\/ul>\r\n\r\n\r\n\r\n<p>FSSC 22000-certifiering \u00e4r inget man m\u00e5ste g\u00f6ra utan \u00e4r helt frivilligt, detta \u00e4r dock ett bra s\u00e4tt f\u00f6r oss att visa, och f\u00f6r kunden ett enkelt s\u00e4tt att bed\u00f6ma att vi uppfyller de \u00f6kande behov och krav som finns och kommer komma inom \u201cfood packaging\u201d.<\/p>\r\n\r\n\r\n\r\n<h2 class=\"wp-block-heading\">Kommer det att inf\u00f6ras n\u00e5gra nya livsmedelskrav mellan \u00e5r 2025 &#8211; 2030?<\/h2>\r\n\r\n\r\n\r\n<p>Det kommer konstant nya krav och behov b\u00e5de fr\u00e5n kunder och olika lagstiftningar. Just nu h\u00e5ller till exempel en FCM registrering (Food Contact Material) p\u00e5 att genomf\u00f6ras av kommunerna runt om i landet.<\/p>\r\n\r\n\r\n\r\n<p>&#8211; Det \u00e4r mycket diskussion om FCM-registreringen just nu. Lagstiftningen kring denna typ av material ses st\u00e4ndigt \u00f6ver och kraven \u00f6kar. Sedan h\u00e5ller \u00e4ven EU p\u00e5 att se \u00f6ver plast-direktivet (f\u00f6r livsmedelsemballage), s\u00e5 det ska bli sp\u00e4nnande att se vad som kommer h\u00e4rn\u00e4st. Detta \u00e4r n\u00e5got vi bevakar och f\u00f6ljer noga!<\/p>\r\n\r\n\r\n\r\n<h2 class=\"wp-block-heading\">Om du skulle vara en etikett, vilken typ av etikett skulle du vara?<\/h2>\r\n\r\n\r\n\r\n<p>&#8211; Jag skulle s\u00e4ga att jag har m\u00e5nga lager, och i grunden vill jag vara transparent. Jag \u00e4r en glad person, s\u00e5 jag hade haft m\u00e5nga glada f\u00e4rger och hade nog varit f\u00f6rsedd med ett jobbigt lim. Jag vet att jag kan vara kr\u00e4vande, jag st\u00e4ller m\u00e5nga jobbiga fr\u00e5gor och blandar mig i mycket.<\/p>\r\n<div id=\"attachment_8322\" style=\"width: 2010px\" class=\"wp-caption alignright\"><a class=\"dt-pswp-item\" href=\"https:\/\/nordvallsetikett.com\/wp-content\/uploads\/2024\/05\/231102_Nordvalls_0343-3.jpg\" data-dt-img-description=\"\" data-large_image_width=\"2000\" data-large_image_height=\"1334\"><img loading=\"lazy\" decoding=\"async\" aria-describedby=\"caption-attachment-8322\" class=\"wp-image-8322 size-medium\" src=\"https:\/\/nordvallsetikett.com\/wp-content\/uploads\/2024\/05\/231102_Nordvalls_0343-3-300x200.jpg\" alt=\"Angela Oberdorfer\" width=\"300\" height=\"200\" srcset=\"https:\/\/nordvallsetikett.com\/wp-content\/uploads\/2024\/05\/231102_Nordvalls_0343-3-300x200.jpg 300w, https:\/\/nordvallsetikett.com\/wp-content\/uploads\/2024\/05\/231102_Nordvalls_0343-3-1024x683.jpg 1024w, https:\/\/nordvallsetikett.com\/wp-content\/uploads\/2024\/05\/231102_Nordvalls_0343-3-768x512.jpg 768w, https:\/\/nordvallsetikett.com\/wp-content\/uploads\/2024\/05\/231102_Nordvalls_0343-3-1536x1025.jpg 1536w, https:\/\/nordvallsetikett.com\/wp-content\/uploads\/2024\/05\/231102_Nordvalls_0343-3.jpg 2000w\" sizes=\"auto, (max-width: 300px) 100vw, 300px\" \/><\/a><p id=\"caption-attachment-8322\" class=\"wp-caption-text\">Angela Oberdorfer, Kvalitetschef Nordvalls Etikett<\/p><\/div>\r\n<p><\/p>","protected":false},"excerpt":{"rendered":"<p>Som Kvalitetschef p\u00e5 Nordvalls Etikett \u00e4r Angela Oberdorfers uppgift att driva kvalitetsfr\u00e5gor p\u00e5 alla Nordvalls svenska anl\u00e4ggningar. Hon har \u00f6ver 25 \u00e5rs erfarenhet av att arbeta med f\u00f6rpackningar och nu de sista \u00e5ren \u00e4ven etiketter. Angela, som utg\u00e5r ifr\u00e5n M\u00f6lnlycke, arbetar i ett team som utg\u00f6rs av en kvalitetskoordinator i Bjuv och en i Sj\u00f6bo.&hellip;<\/p>\n","protected":false},"author":6,"featured_media":8318,"comment_status":"closed","ping_status":"closed","sticky":false,"template":"","format":"standard","meta":{"footnotes":""},"categories":[78],"tags":[],"class_list":["post-8330","post","type-post","status-publish","format-standard","has-post-thumbnail","hentry","category-blogg","category-78","description-off"],"_links":{"self":[{"href":"https:\/\/nordvallsetikett.com\/sv\/wp-json\/wp\/v2\/posts\/8330","targetHints":{"allow":["GET"]}}],"collection":[{"href":"https:\/\/nordvallsetikett.com\/sv\/wp-json\/wp\/v2\/posts"}],"about":[{"href":"https:\/\/nordvallsetikett.com\/sv\/wp-json\/wp\/v2\/types\/post"}],"author":[{"embeddable":true,"href":"https:\/\/nordvallsetikett.com\/sv\/wp-json\/wp\/v2\/users\/6"}],"replies":[{"embeddable":true,"href":"https:\/\/nordvallsetikett.com\/sv\/wp-json\/wp\/v2\/comments?post=8330"}],"version-history":[{"count":11,"href":"https:\/\/nordvallsetikett.com\/sv\/wp-json\/wp\/v2\/posts\/8330\/revisions"}],"predecessor-version":[{"id":8342,"href":"https:\/\/nordvallsetikett.com\/sv\/wp-json\/wp\/v2\/posts\/8330\/revisions\/8342"}],"wp:featuredmedia":[{"embeddable":true,"href":"https:\/\/nordvallsetikett.com\/sv\/wp-json\/wp\/v2\/media\/8318"}],"wp:attachment":[{"href":"https:\/\/nordvallsetikett.com\/sv\/wp-json\/wp\/v2\/media?parent=8330"}],"wp:term":[{"taxonomy":"category","embeddable":true,"href":"https:\/\/nordvallsetikett.com\/sv\/wp-json\/wp\/v2\/categories?post=8330"},{"taxonomy":"post_tag","embeddable":true,"href":"https:\/\/nordvallsetikett.com\/sv\/wp-json\/wp\/v2\/tags?post=8330"}],"curies":[{"name":"wp","href":"https:\/\/api.w.org\/{rel}","templated":true}]}}