{"id":8380,"date":"2024-05-28T10:10:29","date_gmt":"2024-05-28T10:10:29","guid":{"rendered":"https:\/\/nordvallsetikett.com\/?p=8380"},"modified":"2024-09-10T12:23:15","modified_gmt":"2024-09-10T12:23:15","slug":"hallbarhetsdag_miljovanligare-etiketter","status":"publish","type":"post","link":"https:\/\/nordvallsetikett.com\/sv\/nyheter\/hallbarhetsdag_miljovanligare-etiketter\/","title":{"rendered":"Nordvalls H\u00e5llbarhetsdag"},"content":{"rendered":"<div class=\"wpb-content-wrapper\"><p>[vc_row][vc_column width=&#8221;2\/3&#8243;][vc_column_text]<\/p>\n<h2>Arbetar din verksamhet f\u00f6r att bli mer h\u00e5llbar?<\/h2>\n<p>I h\u00f6st v\u00e4ntar ett unikt tillf\u00e4lle f\u00f6r dig som vill f\u00f6rdjupa dig i milj\u00f6v\u00e4nligare etiketter och f\u00f6rpackningar &#8211; Nordvalls H\u00e5llbarhetsdag!<\/p>\n<p><strong>Vad kan du f\u00f6rv\u00e4nta dig?<\/strong><\/p>\n<ul>\n<li><strong>Inspirerande f\u00f6rel\u00e4sningar:<\/strong> Ta del av expertkunskap inom h\u00e5llbara f\u00f6rpackningar och etiketter. Nordvalls, NPA, Svensk plast\u00e5tervinning och Scan intar scenen.<\/li>\n<li><strong>Workshop:<\/strong> L\u00e4r dig mer om hur du kan minska ditt milj\u00f6avtryck genom att v\u00e4lja h\u00e5llbara alternativ. Kreativiteten f\u00e5r fl\u00f6da fritt!<\/li>\n<li><strong>K\u00e4nn och kl\u00e4m:<\/strong> Uppt\u00e4ck sp\u00e4nnande nya material och innovationer inom branschen.<\/li>\n<li><strong>N\u00e4tverka:<\/strong>\u00a0Tr\u00e4ffa andra engagerade personer och skapa nya kontakter.<\/li>\n<\/ul>\n<p>Vi ser fram emot att v\u00e4lkomna dig till en dag full av sp\u00e4nnande insikter och givande diskussioner![\/vc_column_text]<div class=\"ult-spacer spacer-69ee8d14d70df\" data-id=\"69ee8d14d70df\" data-height=\"50\" data-height-mobile=\"50\" data-height-tab=\"50\" data-height-tab-portrait=\"\" data-height-mobile-landscape=\"\" style=\"clear:both;display:block;\"><\/div>[vc_column_text]<strong>Datum:<\/strong> 26 September 2024<\/p>\n<p><strong>Tid:<\/strong> kl. 08.45-15.00<\/p>\n<p><strong>Adress:<\/strong> <a href=\"https:\/\/highcourt.se\/\" target=\"_blank\" rel=\"noopener\">HighCourt<\/a>, Malm\u00f6husv\u00e4gen 1, Malm\u00f6<\/p>\n<p><strong>Sista anm\u00e4lningsdag:<\/strong> 16 September 2024[\/vc_column_text]<div class=\"ult-spacer spacer-69ee8d14d7130\" data-id=\"69ee8d14d7130\" data-height=\"50\" data-height-mobile=\"50\" data-height-tab=\"50\" data-height-tab-portrait=\"\" data-height-mobile-landscape=\"\" style=\"clear:both;display:block;\"><\/div>[\/vc_column][vc_column width=&#8221;1\/3&#8243;][vc_cta h2=&#8221;Anm\u00e4l dig idag!&#8221; h4=&#8221;Anm\u00e4l dig senast 16\/9 begr\u00e4nsat antal platser&#8221; color=&#8221;green&#8221; add_button=&#8221;bottom&#8221; btn_title=&#8221;Anm\u00e4l dig h\u00e4r!&#8221; btn_color=&#8221;green&#8221; css=&#8221;.vc_custom_1720168434540{background-color: rgba(153,186,119,0.59) !important;*background-color: rgb(153,186,119) !important;}&#8221; btn_link=&#8221;url:https%3A%2F%2Fshare.hsforms.com%2F1ft86sx_MSKautwORQjx_xg4zwvo&#8221;]Bjud g\u00e4rna med en kollega.[\/vc_cta][\/vc_column][\/vc_row][vc_row][vc_column][vc_separator color=&#8221;green&#8221; border_width=&#8221;2&#8243;]<div class=\"ult-spacer spacer-69ee8d14d7167\" data-id=\"69ee8d14d7167\" data-height=\"20\" data-height-mobile=\"20\" data-height-tab=\"20\" data-height-tab-portrait=\"\" data-height-mobile-landscape=\"\" style=\"clear:both;display:block;\"><\/div>[\/vc_column][\/vc_row][vc_row][vc_column width=&#8221;1\/2&#8243;]<div class=\"ult-spacer spacer-69ee8d14d719c\" data-id=\"69ee8d14d719c\" data-height=\"20\" data-height-mobile=\"20\" data-height-tab=\"20\" data-height-tab-portrait=\"\" data-height-mobile-landscape=\"\" style=\"clear:both;display:block;\"><\/div><style type=\"text\/css\" data-type=\"the7_shortcodes-inline-css\">.shortcode-single-image-wrap.shortcode-single-image-eb2b75cfd0f5e829a2ff83ba6f3e9d12.enable-bg-rollover .rollover i,\n.shortcode-single-image-wrap.shortcode-single-image-eb2b75cfd0f5e829a2ff83ba6f3e9d12.enable-bg-rollover .rollover-video i {\n  background: -webkit-linear-gradient();\n  background: linear-gradient();\n}\n.shortcode-single-image-wrap.shortcode-single-image-eb2b75cfd0f5e829a2ff83ba6f3e9d12 .rollover-icon {\n  font-size: 32px;\n  color: #ffffff;\n  min-width: 44px;\n  min-height: 44px;\n  line-height: 44px;\n  border-radius: 100px;\n  border-style: solid;\n  border-width: 0px;\n}\n.dt-icon-bg-on.shortcode-single-image-wrap.shortcode-single-image-eb2b75cfd0f5e829a2ff83ba6f3e9d12 .rollover-icon {\n  background: rgba(255,255,255,0.3);\n  box-shadow: none;\n}<\/style><div class=\"shortcode-single-image-wrap shortcode-single-image-eb2b75cfd0f5e829a2ff83ba6f3e9d12 alignnone caption-on  enable-bg-rollover dt-icon-bg-off\" style=\"margin-top:0px; margin-bottom:0px; margin-left:0px; margin-right:0px; width:500px;\"><div class=\"shortcode-single-image\"><div class=\"fancy-media-wrap  layzr-bg\" style=\"border-radius:40px;\"><img fetchpriority=\"high\" decoding=\"async\" class=\"preload-me lazy-load aspect\" src=\"data:image\/svg+xml,%3Csvg%20xmlns%3D&#39;http%3A%2F%2Fwww.w3.org%2F2000%2Fsvg&#39;%20viewBox%3D&#39;0%200%20500%20333&#39;%2F%3E\" data-src=\"https:\/\/nordvallsetikett.com\/wp-content\/uploads\/2024\/05\/Malin_picture_NPA-scaled-500x333.jpg\" data-srcset=\"https:\/\/nordvallsetikett.com\/wp-content\/uploads\/2024\/05\/Malin_picture_NPA-scaled-500x333.jpg 500w, https:\/\/nordvallsetikett.com\/wp-content\/uploads\/2024\/05\/Malin_picture_NPA-scaled-1000x666.jpg 1000w\" loading=\"eager\" sizes=\"(max-width: 500px) 100vw, 500px\" width=\"500\" height=\"333\"  data-dt-location=\"https:\/\/nordvallsetikett.com\/sv\/nyheter\/hallbarhetsdag_miljovanligare-etiketter\/attachment\/malin_picture_npa\/\" style=\"--ratio: 500 \/ 333;border-radius:40px;\" alt=\"Malin Malmberg, Materialspecialist, NPA\" \/><\/div><\/div><div class=\"shortcode-single-caption\">Malin Malmberg, Materialspecialist, NPA<\/div><\/div><div class=\"ult-spacer spacer-69ee8d14d80e0\" data-id=\"69ee8d14d80e0\" data-height=\"30\" data-height-mobile=\"30\" data-height-tab=\"30\" data-height-tab-portrait=\"\" data-height-mobile-landscape=\"\" style=\"clear:both;display:block;\"><\/div><style type=\"text\/css\" data-type=\"the7_shortcodes-inline-css\">.shortcode-single-image-wrap.shortcode-single-image-cb41f1fab19eb32181c310eeea361037.enable-bg-rollover .rollover i,\n.shortcode-single-image-wrap.shortcode-single-image-cb41f1fab19eb32181c310eeea361037.enable-bg-rollover .rollover-video i {\n  background: -webkit-linear-gradient();\n  background: linear-gradient();\n}\n.shortcode-single-image-wrap.shortcode-single-image-cb41f1fab19eb32181c310eeea361037 .rollover-icon {\n  font-size: 32px;\n  color: #ffffff;\n  min-width: 44px;\n  min-height: 44px;\n  line-height: 44px;\n  border-radius: 100px;\n  border-style: solid;\n  border-width: 0px;\n}\n.dt-icon-bg-on.shortcode-single-image-wrap.shortcode-single-image-cb41f1fab19eb32181c310eeea361037 .rollover-icon {\n  background: rgba(255,255,255,0.3);\n  box-shadow: none;\n}<\/style><div class=\"shortcode-single-image-wrap shortcode-single-image-cb41f1fab19eb32181c310eeea361037 alignnone caption-on  enable-bg-rollover dt-icon-bg-off\" style=\"margin-top:0px; margin-bottom:0px; margin-left:0px; margin-right:0px; width:500px;\"><div class=\"shortcode-single-image\"><div class=\"fancy-media-wrap  layzr-bg\" style=\"border-radius:40px;\"><img decoding=\"async\" class=\"preload-me lazy-load aspect\" src=\"data:image\/svg+xml,%3Csvg%20xmlns%3D&#39;http%3A%2F%2Fwww.w3.org%2F2000%2Fsvg&#39;%20viewBox%3D&#39;0%200%20500%20442&#39;%2F%3E\" data-src=\"https:\/\/nordvallsetikett.com\/wp-content\/uploads\/2024\/05\/Rickard-Jansson-photo-scaled-500x442.jpg\" data-srcset=\"https:\/\/nordvallsetikett.com\/wp-content\/uploads\/2024\/05\/Rickard-Jansson-photo-scaled-500x442.jpg 500w, https:\/\/nordvallsetikett.com\/wp-content\/uploads\/2024\/05\/Rickard-Jansson-photo-scaled-1000x884.jpg 1000w\" loading=\"eager\" sizes=\"(max-width: 500px) 100vw, 500px\" width=\"500\" height=\"442\"  data-dt-location=\"https:\/\/nordvallsetikett.com\/sv\/nyheter\/hallbarhetsdag_miljovanligare-etiketter\/attachment\/foto-peter-holgersson-ab\/\" style=\"--ratio: 500 \/ 442;border-radius:40px;\" alt=\"Rickard Jansson, Utvecklingsingenj\u00f6r, Svensk Plast\u00e5tervinning\" \/><\/div><\/div><div class=\"shortcode-single-caption\">Rickard Jansson, Utvecklingsingenj\u00f6r, Svensk Plast\u00e5tervinning<\/div><\/div><div class=\"ult-spacer spacer-69ee8d14d8d6b\" data-id=\"69ee8d14d8d6b\" data-height=\"50\" data-height-mobile=\"50\" data-height-tab=\"50\" data-height-tab-portrait=\"\" data-height-mobile-landscape=\"\" style=\"clear:both;display:block;\"><\/div>[\/vc_column][vc_column width=&#8221;1\/2&#8243; css=&#8221;.vc_custom_1716914807607{background-color: #ffffff !important;}&#8221;]<div class=\"ult-spacer spacer-69ee8d14d8da3\" data-id=\"69ee8d14d8da3\" data-height=\"20\" data-height-mobile=\"20\" data-height-tab=\"20\" data-height-tab-portrait=\"\" data-height-mobile-landscape=\"\" style=\"clear:both;display:block;\"><\/div>[vc_column_text css=&#8221;.vc_custom_1717138715721{background-color: #ffffff !important;}&#8221;]<\/p>\n<h2>N\u00e4ringslivets Producentansvar<strong><br \/>\n<\/strong><\/h2>\n<p><strong><br \/>\n<\/strong><a href=\"https:\/\/npa.se\" target=\"_blank\" rel=\"noopener\">NPA<\/a> &#8211; En producentansvarsorganisation som hj\u00e4lper dig som \u00e4r producent av f\u00f6rpackningar att ta ditt ansvar. Vi arbetar f\u00f6r att \u00f6ka \u00e5tervinningen i hela kedjan \u2013 var med p\u00e5 resan mot ett mer cirkul\u00e4rt samh\u00e4lle. Hur hanteras hush\u00e5llens f\u00f6rpackningar efter insamling, vad p\u00e5verkar \u00e5tervinningsprocessen, och vilken roll spelar etiketterna i detta sammanhang?[\/vc_column_text]<div class=\"ult-spacer spacer-69ee8d14d8dd1\" data-id=\"69ee8d14d8dd1\" data-height=\"50\" data-height-mobile=\"50\" data-height-tab=\"50\" data-height-tab-portrait=\"\" data-height-mobile-landscape=\"\" style=\"clear:both;display:block;\"><\/div>[vc_column_text css=&#8221;.vc_custom_1717051863542{background-color: #ffffff !important;}&#8221;]<\/p>\n<h2>Site Zero<\/h2>\n<p>V\u00e4rldens st\u00f6rsta och mest effektiva sorteringsanl\u00e4ggning f\u00f6r plast, invigdes av <a href=\"https:\/\/www.svenskplastatervinning.se\/site-zero\/\" target=\"_blank\" rel=\"noopener\">Svensk Plast\u00e5tervinning<\/a> i Motala i november 2023. Anl\u00e4ggningen m\u00f6jligg\u00f6r en cirkul\u00e4r \u00e5tervinning av hush\u00e5llsplastf\u00f6rpackningar och sorterar automatiskt ut tolv olika plastfraktioner fr\u00e5n det insamlade f\u00f6rpackningsmaterialet till en del av den cirkul\u00e4ra ekonomin.[\/vc_column_text]<div class=\"ult-spacer spacer-69ee8d14d8dfb\" data-id=\"69ee8d14d8dfb\" data-height=\"50\" data-height-mobile=\"50\" data-height-tab=\"50\" data-height-tab-portrait=\"\" data-height-mobile-landscape=\"\" style=\"clear:both;display:block;\"><\/div>[\/vc_column][\/vc_row][vc_row el_id=&#8221;Scan&#8221;][vc_column][vc_separator color=&#8221;green&#8221; border_width=&#8221;2&#8243;][vc_row_inner][vc_column_inner width=&#8221;1\/2&#8243;]<div class=\"ult-spacer spacer-69ee8d14d8e22\" data-id=\"69ee8d14d8e22\" data-height=\"50\" data-height-mobile=\"50\" data-height-tab=\"50\" data-height-tab-portrait=\"\" data-height-mobile-landscape=\"\" style=\"clear:both;display:block;\"><\/div>[vc_column_text]<\/p>\n<h2><span style=\"color: #000000;\">Scan<\/span><\/h2>\n<p><span style=\"color: #000000;\"><strong>V\u00e4gen mot 100% \u00e5tervinningsbara f\u00f6rpackningar.<\/strong><\/span><br \/>\n<span style=\"color: #000000;\">Hur har det g\u00e5tt med <a href=\"https:\/\/www.scan.se\/hallbarhet\/\" target=\"_blank\" rel=\"noopener\">Scan<\/a>s m\u00e5l hittills? Vilka utmaningar har de haft? Hur har det f\u00f6r\u00e4ndrat deras s\u00e4tt att arbeta?<br \/>\nFredrik Sundstr\u00f6m ber\u00e4ttar.<\/span>[\/vc_column_text]<div class=\"ult-spacer spacer-69ee8d14d8e48\" data-id=\"69ee8d14d8e48\" data-height=\"10\" data-height-mobile=\"10\" data-height-tab=\"10\" data-height-tab-portrait=\"\" data-height-mobile-landscape=\"\" style=\"clear:both;display:block;\"><\/div>[\/vc_column_inner][vc_column_inner width=&#8221;1\/2&#8243;]<div class=\"ult-spacer spacer-69ee8d14d8e6e\" data-id=\"69ee8d14d8e6e\" data-height=\"50\" data-height-mobile=\"50\" data-height-tab=\"50\" data-height-tab-portrait=\"\" data-height-mobile-landscape=\"\" style=\"clear:both;display:block;\"><\/div><style type=\"text\/css\" data-type=\"the7_shortcodes-inline-css\">.shortcode-single-image-wrap.shortcode-single-image-bad715e62b2a6f0681b073ff1be7d463.enable-bg-rollover .rollover i,\n.shortcode-single-image-wrap.shortcode-single-image-bad715e62b2a6f0681b073ff1be7d463.enable-bg-rollover .rollover-video i {\n  background: -webkit-linear-gradient();\n  background: linear-gradient();\n}\n.shortcode-single-image-wrap.shortcode-single-image-bad715e62b2a6f0681b073ff1be7d463 .rollover-icon {\n  font-size: 32px;\n  color: #ffffff;\n  min-width: 44px;\n  min-height: 44px;\n  line-height: 44px;\n  border-radius: 100px;\n  border-style: solid;\n  border-width: 0px;\n}\n.dt-icon-bg-on.shortcode-single-image-wrap.shortcode-single-image-bad715e62b2a6f0681b073ff1be7d463 .rollover-icon {\n  background: rgba(255,255,255,0.3);\n  box-shadow: none;\n}<\/style><div class=\"shortcode-single-image-wrap shortcode-single-image-bad715e62b2a6f0681b073ff1be7d463 alignnone caption-on  enable-bg-rollover dt-icon-bg-off\" style=\"margin-top:0px; margin-bottom:0px; margin-left:0px; margin-right:0px; width:500px;\"><div class=\"shortcode-single-image\"><div class=\"fancy-media-wrap  layzr-bg\" style=\"border-radius:40px;\"><img decoding=\"async\" class=\"preload-me lazy-load aspect\" src=\"data:image\/svg+xml,%3Csvg%20xmlns%3D&#39;http%3A%2F%2Fwww.w3.org%2F2000%2Fsvg&#39;%20viewBox%3D&#39;0%200%20500%20500&#39;%2F%3E\" data-src=\"https:\/\/nordvallsetikett.com\/wp-content\/uploads\/2024\/05\/Fredrik-Sundstrom-Scan-500x500.png\" data-srcset=\"https:\/\/nordvallsetikett.com\/wp-content\/uploads\/2024\/05\/Fredrik-Sundstrom-Scan-500x500.png 500w, https:\/\/nordvallsetikett.com\/wp-content\/uploads\/2024\/05\/Fredrik-Sundstrom-Scan-1000x1000.png 1000w\" loading=\"eager\" sizes=\"(max-width: 500px) 100vw, 500px\" width=\"500\" height=\"500\"  data-dt-location=\"https:\/\/nordvallsetikett.com\/sv\/nyheter\/hallbarhetsdag_miljovanligare-etiketter\/attachment\/fredrik-sundstrom-scan\/\" style=\"--ratio: 500 \/ 500;border-radius:40px;\" alt=\"Fredrik Sundstr\u00f6m, Sourcing &amp; Development Manager, Scan\" \/><\/div><\/div><div class=\"shortcode-single-caption\">Fredrik Sundstr\u00f6m, Sourcing &amp; Development Manager, Scan<\/div><\/div><div class=\"ult-spacer spacer-69ee8d14d9b61\" data-id=\"69ee8d14d9b61\" data-height=\"10\" data-height-mobile=\"10\" data-height-tab=\"10\" data-height-tab-portrait=\"\" data-height-mobile-landscape=\"\" style=\"clear:both;display:block;\"><\/div>[\/vc_column_inner][\/vc_row_inner]<div class=\"ult-spacer spacer-69ee8d14d9ba9\" data-id=\"69ee8d14d9ba9\" data-height=\"50\" data-height-mobile=\"50\" data-height-tab=\"50\" data-height-tab-portrait=\"\" data-height-mobile-landscape=\"\" style=\"clear:both;display:block;\"><\/div>[\/vc_column][vc_column][vc_separator color=&#8221;green&#8221; border_width=&#8221;2&#8243;][\/vc_column][\/vc_row][vc_row][vc_column]<div class=\"ult-spacer spacer-69ee8d14d9bde\" data-id=\"69ee8d14d9bde\" data-height=\"50\" data-height-mobile=\"50\" data-height-tab=\"50\" data-height-tab-portrait=\"\" data-height-mobile-landscape=\"\" style=\"clear:both;display:block;\"><\/div>[vc_column_text css=&#8221;&#8221;]<\/p>\n<h2>Agenda<\/h2>\n<p><strong>08.45 &#8211; 09.00<\/strong> Frukostmingel och incheckning<\/p>\n<p><strong>09.00 &#8211; 09.30<\/strong> V\u00e4lkomna! Agenda och Nordvalls samt Possehls h\u00e5llbarhetsarbete<\/p>\n<p><strong>09.30 &#8211; 10.00<\/strong> CO2 ber\u00e4kningar och nya direktiv<\/p>\n<p><strong>10.00 &#8211; 10.15<\/strong> Kaffe &amp; fika<\/p>\n<p><strong>10.15 &#8211; 11.00<\/strong> Milj\u00f6v\u00e4nligare etikettmaterial<\/p>\n<p><strong>11.00 &#8211; 12.00<\/strong> Svensk plast\u00e5tervinning och NPA &#8211; \u00c5tervinning av hush\u00e5llsf\u00f6rpackningar med fokus p\u00e5 plast och etiketternas roll<\/p>\n<p><strong>12.00 &#8211; 13.00<\/strong> Lunch<\/p>\n<p><strong>13.00 &#8211; 13.45<\/strong> Workshop<\/p>\n<p><strong>13.45 &#8211; 14.00<\/strong> Kaffe &amp; fika<\/p>\n<p><strong>14.00 &#8211; 14.45<\/strong> Scan &#8211; V\u00e4gen mot 100% \u00e5tervinningsbara f\u00f6rpackningar<\/p>\n<p><strong>14.45 &#8211; 15.00<\/strong> Fr\u00e5gor &amp; avslut[\/vc_column_text]<div class=\"ult-spacer spacer-69ee8d14d9c0a\" data-id=\"69ee8d14d9c0a\" data-height=\"50\" data-height-mobile=\"50\" data-height-tab=\"50\" data-height-tab-portrait=\"\" data-height-mobile-landscape=\"\" style=\"clear:both;display:block;\"><\/div>[vc_separator color=&#8221;green&#8221; border_width=&#8221;2&#8243;]<div class=\"ult-spacer spacer-69ee8d14d9c45\" data-id=\"69ee8d14d9c45\" data-height=\"50\" data-height-mobile=\"50\" data-height-tab=\"50\" data-height-tab-portrait=\"\" data-height-mobile-landscape=\"\" style=\"clear:both;display:block;\"><\/div>[\/vc_column][\/vc_row][vc_row][vc_column width=&#8221;2\/3&#8243;]<style type=\"text\/css\" data-type=\"the7_shortcodes-inline-css\">.shortcode-single-image-wrap.shortcode-single-image-3ca92bce1bbc0ebb451b9d14a6c051ba.enable-bg-rollover .rollover i,\n.shortcode-single-image-wrap.shortcode-single-image-3ca92bce1bbc0ebb451b9d14a6c051ba.enable-bg-rollover .rollover-video i {\n  background: -webkit-linear-gradient();\n  background: linear-gradient();\n}\n.shortcode-single-image-wrap.shortcode-single-image-3ca92bce1bbc0ebb451b9d14a6c051ba .rollover-icon {\n  font-size: 32px;\n  color: #ffffff;\n  min-width: 44px;\n  min-height: 44px;\n  line-height: 44px;\n  border-radius: 100px;\n  border-style: solid;\n  border-width: 0px;\n}\n.dt-icon-bg-on.shortcode-single-image-wrap.shortcode-single-image-3ca92bce1bbc0ebb451b9d14a6c051ba .rollover-icon {\n  background: rgba(255,255,255,0.3);\n  box-shadow: none;\n}<\/style><div class=\"shortcode-single-image-wrap shortcode-single-image-3ca92bce1bbc0ebb451b9d14a6c051ba alignnone  enable-bg-rollover dt-icon-bg-off\" style=\"margin-top:0px; margin-bottom:0px; margin-left:0px; margin-right:0px; width:500px;\"><div class=\"shortcode-single-image\"><div class=\"fancy-media-wrap  layzr-bg\" style=\"border-radius:40px;\"><img decoding=\"async\" class=\"preload-me lazy-load aspect\" src=\"data:image\/svg+xml,%3Csvg%20xmlns%3D&#39;http%3A%2F%2Fwww.w3.org%2F2000%2Fsvg&#39;%20viewBox%3D&#39;0%200%20500%20375&#39;%2F%3E\" data-src=\"https:\/\/nordvallsetikett.com\/wp-content\/uploads\/2024\/05\/IMG_4456-2-scaled-500x375.jpeg\" data-srcset=\"https:\/\/nordvallsetikett.com\/wp-content\/uploads\/2024\/05\/IMG_4456-2-scaled-500x375.jpeg 500w, https:\/\/nordvallsetikett.com\/wp-content\/uploads\/2024\/05\/IMG_4456-2-scaled-1000x750.jpeg 1000w\" loading=\"eager\" sizes=\"(max-width: 500px) 100vw, 500px\" width=\"500\" height=\"375\"  data-dt-location=\"https:\/\/nordvallsetikett.com\/sv\/nyheter\/hallbarhetsdag_miljovanligare-etiketter\/attachment\/img_4456-2\/\" style=\"--ratio: 500 \/ 375;border-radius:40px;\" alt=\"\" \/><\/div><\/div><\/div>[\/vc_column][vc_column width=&#8221;1\/3&#8243; css=&#8221;.vc_custom_1716450639756{background-color: #ffffff !important;}&#8221;][vc_column_text]<\/p>\n<h2>Praktisk information<\/h2>\n<p>Du hittar Malm\u00f6 HighCourt i hj\u00e4rtat av Malm\u00f6, i b\u00f6rjan av Slottsparken p\u00e5 v\u00e4g till Malm\u00f6hus Slott. Eftersom det \u00e4r en dag i h\u00e5llbarhetens tecken sl\u00e5r vi ett slag f\u00f6r transport med t\u00e5g eller buss, centralstationen ligger 7 minuters promenad ifr\u00e5n HighCourt, f\u00f6lj Norra Vallgatan mot Malm\u00f6hus Slott, s\u00e5 \u00e4r destinationen p\u00e5 h\u00f6rntomten vid kanalen. Parkering finns vid sidan om huset alternativ vid Malm\u00f6hus Slott eller Malm\u00f6 Live, h\u00e4r finns m\u00f6jlighet att ladda elbilen.[\/vc_column_text][\/vc_column][\/vc_row][vc_row][vc_column]<div class=\"ult-spacer spacer-69ee8d14da880\" data-id=\"69ee8d14da880\" data-height=\"50\" data-height-mobile=\"50\" data-height-tab=\"50\" data-height-tab-portrait=\"\" data-height-mobile-landscape=\"\" style=\"clear:both;display:block;\"><\/div>[vc_separator color=&#8221;green&#8221; border_width=&#8221;2&#8243;]<div class=\"ult-spacer spacer-69ee8d14da8b4\" data-id=\"69ee8d14da8b4\" data-height=\"50\" data-height-mobile=\"50\" data-height-tab=\"50\" data-height-tab-portrait=\"\" data-height-mobile-landscape=\"\" style=\"clear:both;display:block;\"><\/div>[vc_gmaps link=&#8221;#E-8_JTNDaWZyYW1lJTIwc3JjJTNEJTIyaHR0cHMlM0ElMkYlMkZ3d3cuZ29vZ2xlLmNvbSUyRm1hcHMlMkZlbWJlZCUzRnBiJTNEJTIxMW0xOCUyMTFtMTIlMjExbTMlMjExZDIyNTMuNzg1NzU0NjIyMjM2MyUyMTJkMTIuOTg4Njg1MTEzNDcxNDc4JTIxM2Q1NS42MDU3NDIyNzI5MTc1NSUyMTJtMyUyMTFmMCUyMTJmMCUyMTNmMCUyMTNtMiUyMTFpMTAyNCUyMTJpNzY4JTIxNGYxMy4xJTIxM20zJTIxMW0yJTIxMXMweDQ2NTNhM2ZmOGZlMGI4MTMlMjUzQTB4MzI2MjVlNzRlMWJjYWFiYSUyMTJ6VFdGc2JjTzJhSFZ6ZHNPa1oyVnVJREVzSURJeE1TQXhPQ0JOWVd4dHc3WSUyMTVlMCUyMTNtMiUyMTFzZW4lMjEyc3NlJTIxNHYxNzE2ODgwMDM2ODc1JTIxNW0yJTIxMXNlbiUyMTJzc2UlMjIlMjB3aWR0aCUzRCUyMjYwMCUyMiUyMGhlaWdodCUzRCUyMjQ1MCUyMiUyMHN0eWxlJTNEJTIyYm9yZGVyJTNBMCUzQiUyMiUyMGFsbG93ZnVsbHNjcmVlbiUzRCUyMiUyMiUyMGxvYWRpbmclM0QlMjJsYXp5JTIyJTIwcmVmZXJyZXJwb2xpY3klM0QlMjJuby1yZWZlcnJlci13aGVuLWRvd25ncmFkZSUyMiUzRSUzQyUyRmlmcmFtZSUzRQ==&#8221;][\/vc_column][\/vc_row][vc_row][vc_column]<div class=\"ult-spacer spacer-69ee8d14da8dd\" data-id=\"69ee8d14da8dd\" data-height=\"50\" data-height-mobile=\"50\" data-height-tab=\"50\" data-height-tab-portrait=\"\" data-height-mobile-landscape=\"\" style=\"clear:both;display:block;\"><\/div>[vc_column_text]<\/p>\n<h2>Vi ses d\u00e4r!<\/h2>\n<p>Vi p\u00e5 Nordvalls ser fram emot att v\u00e4lkomna er till en sp\u00e4nnande och l\u00e4rorik dag, d\u00e4r samarbete och kunskapsutbyte \u00e4r nyckeln till att driva mot en mer h\u00e5llbar gemensam framtid.[\/vc_column_text][\/vc_column][\/vc_row]<\/p>\n<\/div>","protected":false},"excerpt":{"rendered":"<p>[vc_row][vc_column width=&#8221;2\/3&#8243;][vc_column_text] Arbetar din verksamhet f\u00f6r att bli mer h\u00e5llbar? I h\u00f6st v\u00e4ntar ett unikt tillf\u00e4lle f\u00f6r dig som vill f\u00f6rdjupa dig i milj\u00f6v\u00e4nligare etiketter och f\u00f6rpackningar &#8211; Nordvalls H\u00e5llbarhetsdag! Vad kan du f\u00f6rv\u00e4nta dig? Inspirerande f\u00f6rel\u00e4sningar: Ta del av expertkunskap inom h\u00e5llbara f\u00f6rpackningar och etiketter. Nordvalls, NPA, Svensk plast\u00e5tervinning och Scan intar scenen. Workshop:&hellip;<\/p>\n","protected":false},"author":6,"featured_media":8389,"comment_status":"closed","ping_status":"closed","sticky":false,"template":"","format":"standard","meta":{"footnotes":""},"categories":[31],"tags":[],"class_list":["post-8380","post","type-post","status-publish","format-standard","has-post-thumbnail","hentry","category-nyheter","category-31","description-off"],"_links":{"self":[{"href":"https:\/\/nordvallsetikett.com\/sv\/wp-json\/wp\/v2\/posts\/8380","targetHints":{"allow":["GET"]}}],"collection":[{"href":"https:\/\/nordvallsetikett.com\/sv\/wp-json\/wp\/v2\/posts"}],"about":[{"href":"https:\/\/nordvallsetikett.com\/sv\/wp-json\/wp\/v2\/types\/post"}],"author":[{"embeddable":true,"href":"https:\/\/nordvallsetikett.com\/sv\/wp-json\/wp\/v2\/users\/6"}],"replies":[{"embeddable":true,"href":"https:\/\/nordvallsetikett.com\/sv\/wp-json\/wp\/v2\/comments?post=8380"}],"version-history":[{"count":80,"href":"https:\/\/nordvallsetikett.com\/sv\/wp-json\/wp\/v2\/posts\/8380\/revisions"}],"predecessor-version":[{"id":9815,"href":"https:\/\/nordvallsetikett.com\/sv\/wp-json\/wp\/v2\/posts\/8380\/revisions\/9815"}],"wp:featuredmedia":[{"embeddable":true,"href":"https:\/\/nordvallsetikett.com\/sv\/wp-json\/wp\/v2\/media\/8389"}],"wp:attachment":[{"href":"https:\/\/nordvallsetikett.com\/sv\/wp-json\/wp\/v2\/media?parent=8380"}],"wp:term":[{"taxonomy":"category","embeddable":true,"href":"https:\/\/nordvallsetikett.com\/sv\/wp-json\/wp\/v2\/categories?post=8380"},{"taxonomy":"post_tag","embeddable":true,"href":"https:\/\/nordvallsetikett.com\/sv\/wp-json\/wp\/v2\/tags?post=8380"}],"curies":[{"name":"wp","href":"https:\/\/api.w.org\/{rel}","templated":true}]}}