{"id":8785,"date":"2024-06-05T12:21:10","date_gmt":"2024-06-05T12:21:10","guid":{"rendered":"https:\/\/nordvallsetikett.com\/?p=8785"},"modified":"2024-06-05T13:51:43","modified_gmt":"2024-06-05T13:51:43","slug":"nordvalls-koper-sin-andra-hp-indigo-v12","status":"publish","type":"post","link":"https:\/\/nordvallsetikett.com\/sv\/nyheter\/nordvalls-koper-sin-andra-hp-indigo-v12\/","title":{"rendered":"Nordvalls investerar i sin andra HP Indigo V12"},"content":{"rendered":"<div class=\"wpb-content-wrapper\"><p>[vc_row][vc_column][vc_column_text]<\/p>\n<h2>Nordvalls Etikett g\u00f6r det igen!<\/h2>\n<p style=\"font-weight: 400;\">F\u00f6r n\u00e5gra m\u00e5nader sedan kunde Nordvalls ber\u00e4tta att\u00a0vi som f\u00f6rsta tryckeri i Skandinavien installerat en <a href=\"https:\/\/digitalprinting.hp.com\/us\/en\/indigo-printers\/v12.html\" target=\"_blank\" rel=\"noopener\">HP Indigo V12<\/a>. Under <a href=\"https:\/\/www.drupa.com\/\" target=\"_blank\" rel=\"noopener\">Drupa<\/a> m\u00e4ssan i D\u00fcsseldorf, n\u00e5gra m\u00e5nader senare, stod det nu klart att Nordvalls investerat i ytterligare en V12!<\/p>\n<p style=\"font-weight: 400;\">V12an \u00e4r en revolutionerande digital tryckpress som tar digitaltryck till n\u00e4sta niv\u00e5.\u00a0H\u00f6g\u00a0hastighet,\u00a0h\u00f6g precision\u00a0och\u00a0den s\u00e5 kallade LEPx-teknologin ger en effektiv och h\u00e5llbar produktion med snabb inst\u00e4llningstid och mindre spill.<\/p>\n<p style=\"font-weight: 400;\">\u2013 Tidigare i \u00e5r sa jag att tillv\u00e4xt \u00e4r en del av Nordvalls DNA. Att investera i v\u00e5r andra HP Indigo V12 p\u00e5 mindre \u00e4n sex m\u00e5nader representerar v\u00e5rt engagemang f\u00f6r att ligga i framkant, investera f\u00f6r framtiden och tillgodose v\u00e5ra kunder med senaste teknologin, s\u00e4ger Patrik Jenemark, VD f\u00f6r Nordvalls.<\/p>\n<p style=\"font-weight: 400;\">Markus Weiss, General Manager HP Industrial Print EMEA, kommenterar aff\u00e4ren s\u00e5 h\u00e4r:<\/p>\n<p style=\"font-weight: 400;\">\u2013 P\u00e5 HP str\u00e4var vi efter att investera i att utveckla teknik som hj\u00e4lper v\u00e5ra kunder att vara redo f\u00f6r framtiden, skapa tillv\u00e4xt och leverera den senaste tekniken kombinerat med HP:s expertis inom modern etikettproduktion. Vi \u00e4r mycket glada \u00f6ver att Nordvalls har valt att installera ytterligare en HP Indigo V12. Detta \u00e4r ett bevis p\u00e5 att v\u00e5ra kunder litar p\u00e5 HP:s tekniska innovationer.<\/p>\n<p>[\/vc_column_text]<div class=\"ult-spacer spacer-69ee7bff2137e\" data-id=\"69ee7bff2137e\" data-height=\"50\" data-height-mobile=\"30\" data-height-tab=\"30\" data-height-tab-portrait=\"30\" data-height-mobile-landscape=\"30\" style=\"clear:both;display:block;\"><\/div>[\/vc_column][\/vc_row][vc_row][vc_column]<style type=\"text\/css\" data-type=\"the7_shortcodes-inline-css\">.shortcode-single-image-wrap.shortcode-single-image-c2cc7b18e5208c3993559ff68292aeb2.enable-bg-rollover .rollover i,\n.shortcode-single-image-wrap.shortcode-single-image-c2cc7b18e5208c3993559ff68292aeb2.enable-bg-rollover .rollover-video i {\n  background: -webkit-linear-gradient();\n  background: linear-gradient();\n}\n.shortcode-single-image-wrap.shortcode-single-image-c2cc7b18e5208c3993559ff68292aeb2 .rollover-icon {\n  font-size: 32px;\n  color: #ffffff;\n  min-width: 44px;\n  min-height: 44px;\n  line-height: 44px;\n  border-radius: 100px;\n  border-style: solid;\n  border-width: 0px;\n}\n.dt-icon-bg-on.shortcode-single-image-wrap.shortcode-single-image-c2cc7b18e5208c3993559ff68292aeb2 .rollover-icon {\n  background: rgba(255,255,255,0.3);\n  box-shadow: none;\n}<\/style><div class=\"shortcode-single-image-wrap shortcode-single-image-c2cc7b18e5208c3993559ff68292aeb2 alignnone caption-on  enable-bg-rollover dt-icon-bg-off\" style=\"margin-top:0px; margin-bottom:0px; margin-left:0px; margin-right:0px; width:800px;\"><div class=\"shortcode-single-image\"><div class=\"fancy-media-wrap  layzr-bg\" style=\"\"><img fetchpriority=\"high\" decoding=\"async\" class=\"preload-me lazy-load aspect\" src=\"data:image\/svg+xml,%3Csvg%20xmlns%3D&#39;http%3A%2F%2Fwww.w3.org%2F2000%2Fsvg&#39;%20viewBox%3D&#39;0%200%20800%20533&#39;%2F%3E\" data-src=\"https:\/\/nordvallsetikett.com\/wp-content\/uploads\/2024\/06\/2O3A7396-800x533.jpeg\" data-srcset=\"https:\/\/nordvallsetikett.com\/wp-content\/uploads\/2024\/06\/2O3A7396-800x533.jpeg 800w, https:\/\/nordvallsetikett.com\/wp-content\/uploads\/2024\/06\/2O3A7396-1600x1066.jpeg 1600w\" loading=\"eager\" sizes=\"(max-width: 800px) 100vw, 800px\" width=\"800\" height=\"533\"  data-dt-location=\"https:\/\/nordvallsetikett.com\/sv\/nyheter\/nordvalls-koper-sin-andra-hp-indigo-v12\/attachment\/2o3a7396\/\" style=\"--ratio: 800 \/ 533;\" alt=\"\" \/><\/div><\/div><div class=\"shortcode-single-caption\">From left: Martin van Elderen, HP Industrial Sales Manager  \nPatrik Jenemark, CEO Nordvalls\nMarkus Weiss; General Manager HP Industrial Print EMEA\nAdir Ariel: Head of HP Industrial EMEA indirect GTM<\/div><\/div>[\/vc_column][\/vc_row][vc_row][vc_column][\/vc_column][\/vc_row]<\/p>\n<\/div>","protected":false},"excerpt":{"rendered":"<p>[vc_row][vc_column][vc_column_text] Nordvalls Etikett g\u00f6r det igen! F\u00f6r n\u00e5gra m\u00e5nader sedan kunde Nordvalls ber\u00e4tta att\u00a0vi som f\u00f6rsta tryckeri i Skandinavien installerat en HP Indigo V12. Under Drupa m\u00e4ssan i D\u00fcsseldorf, n\u00e5gra m\u00e5nader senare, stod det nu klart att Nordvalls investerat i ytterligare en V12! V12an \u00e4r en revolutionerande digital tryckpress som tar digitaltryck till n\u00e4sta niv\u00e5.\u00a0H\u00f6g\u00a0hastighet,\u00a0h\u00f6g&hellip;<\/p>\n","protected":false},"author":9,"featured_media":8055,"comment_status":"closed","ping_status":"closed","sticky":false,"template":"","format":"standard","meta":{"footnotes":""},"categories":[31],"tags":[],"class_list":["post-8785","post","type-post","status-publish","format-standard","has-post-thumbnail","hentry","category-nyheter","category-31","description-off"],"_links":{"self":[{"href":"https:\/\/nordvallsetikett.com\/sv\/wp-json\/wp\/v2\/posts\/8785","targetHints":{"allow":["GET"]}}],"collection":[{"href":"https:\/\/nordvallsetikett.com\/sv\/wp-json\/wp\/v2\/posts"}],"about":[{"href":"https:\/\/nordvallsetikett.com\/sv\/wp-json\/wp\/v2\/types\/post"}],"author":[{"embeddable":true,"href":"https:\/\/nordvallsetikett.com\/sv\/wp-json\/wp\/v2\/users\/9"}],"replies":[{"embeddable":true,"href":"https:\/\/nordvallsetikett.com\/sv\/wp-json\/wp\/v2\/comments?post=8785"}],"version-history":[{"count":6,"href":"https:\/\/nordvallsetikett.com\/sv\/wp-json\/wp\/v2\/posts\/8785\/revisions"}],"predecessor-version":[{"id":10600,"href":"https:\/\/nordvallsetikett.com\/sv\/wp-json\/wp\/v2\/posts\/8785\/revisions\/10600"}],"wp:featuredmedia":[{"embeddable":true,"href":"https:\/\/nordvallsetikett.com\/sv\/wp-json\/wp\/v2\/media\/8055"}],"wp:attachment":[{"href":"https:\/\/nordvallsetikett.com\/sv\/wp-json\/wp\/v2\/media?parent=8785"}],"wp:term":[{"taxonomy":"category","embeddable":true,"href":"https:\/\/nordvallsetikett.com\/sv\/wp-json\/wp\/v2\/categories?post=8785"},{"taxonomy":"post_tag","embeddable":true,"href":"https:\/\/nordvallsetikett.com\/sv\/wp-json\/wp\/v2\/tags?post=8785"}],"curies":[{"name":"wp","href":"https:\/\/api.w.org\/{rel}","templated":true}]}}